{"id":305364,"date":"2024-07-21T10:14:44","date_gmt":"2024-07-21T07:14:44","guid":{"rendered":"https:\/\/sana.sy\/tr\/?p=305364"},"modified":"2024-07-22T09:29:49","modified_gmt":"2024-07-22T06:29:49","slug":"dusman-israil-guney-lubnana-saldirganliklarini-yeniledi-4","status":"publish","type":"post","link":"https:\/\/archive.sana.sy\/tr\/?p=305364","title":{"rendered":"D\u00fc\u015fman \u0130srail G\u00fcney L\u00fcbnan&#8217;a Sald\u0131rganl\u0131klar\u0131n\u0131 Yeniledi"},"content":{"rendered":"<p style=\"text-align: justify;\"><strong>BEYRUT (SANA) \u2013<\/strong> D\u00fc\u015fman \u0130srail, g\u00fcney L\u00fcbnan&#8217;\u0131n s\u0131n\u0131r b\u00f6lgelerine sald\u0131rganl\u0131klar\u0131n\u0131 yenileyerek, Hula&#8217;daki bir evi iki f\u00fczeyle hedef alarak can kay\u0131plar\u0131na yol a\u00e7t\u0131.<\/p>\n<p style=\"text-align: justify;\">\u0130srail sava\u015f u\u00e7aklar\u0131 ayr\u0131ca, Adlun kasabas\u0131na ve\u00a0 El Mucedil kasabas\u0131n\u0131n eteklerine iki hava sald\u0131r\u0131s\u0131 d\u00fczenleyerek 3 vatanda\u015f\u0131 yaralad\u0131 ve D\u00fc\u015fman top\u00e7usu da Hiyam \u015fehrini hedef ald\u0131.<\/p>\n<p style=\"text-align: center;\"><strong><a href=\"https:\/\/t.me\/SuriyeArapHaberAjansI\">Telegram Kanal\u0131m\u0131z\u00a0<\/a>||<a href=\"https:\/\/twitter.com\/arap_ajans\">X Platformumuz\u00a0<\/a>||<a href=\"https:\/\/www.facebook.com\/SANAHaberAjansi\/\">Facebook Sayfam\u0131z<\/a><\/strong><\/p>\n","protected":false},"excerpt":{"rendered":"<p>BEYRUT (SANA) \u2013 D\u00fc\u015fman \u0130srail, g\u00fcney L\u00fcbnan&#8217;\u0131n s\u0131n\u0131r b\u00f6lgelerine sald\u0131rganl\u0131klar\u0131n\u0131 yenileyerek, Hula&#8217;daki bir evi iki f\u00fczeyle hedef alarak can kay\u0131plar\u0131na yol a\u00e7t\u0131. \u0130srail sava\u015f u\u00e7aklar\u0131 ayr\u0131ca, Adlun kasabas\u0131na ve\u00a0 El Mucedil kasabas\u0131n\u0131n eteklerine iki hava sald\u0131r\u0131s\u0131 d\u00fczenleyerek 3 vatanda\u015f\u0131 yaralad\u0131 ve D\u00fc\u015fman top\u00e7usu da Hiyam \u015fehrini hedef ald\u0131. Telegram Kanal\u0131m\u0131z\u00a0||X Platformumuz\u00a0||Facebook Sayfam\u0131z<\/p>\n","protected":false},"author":39,"featured_media":305365,"comment_status":"closed","ping_status":"closed","sticky":false,"template":"","format":"standard","meta":{"footnotes":""},"categories":[458,459,17988],"tags":[],"class_list":["post-305364","post","type-post","status-publish","format-standard","has-post-thumbnail","","category-dunya1","category-haberler-arap-uluslararasi-politika","category-son-haberler"],"_links":{"self":[{"href":"https:\/\/archive.sana.sy\/tr\/index.php?rest_route=\/wp\/v2\/posts\/305364","targetHints":{"allow":["GET"]}}],"collection":[{"href":"https:\/\/archive.sana.sy\/tr\/index.php?rest_route=\/wp\/v2\/posts"}],"about":[{"href":"https:\/\/archive.sana.sy\/tr\/index.php?rest_route=\/wp\/v2\/types\/post"}],"author":[{"embeddable":true,"href":"https:\/\/archive.sana.sy\/tr\/index.php?rest_route=\/wp\/v2\/users\/39"}],"replies":[{"embeddable":true,"href":"https:\/\/archive.sana.sy\/tr\/index.php?rest_route=%2Fwp%2Fv2%2Fcomments&post=305364"}],"version-history":[{"count":3,"href":"https:\/\/archive.sana.sy\/tr\/index.php?rest_route=\/wp\/v2\/posts\/305364\/revisions"}],"predecessor-version":[{"id":305375,"href":"https:\/\/archive.sana.sy\/tr\/index.php?rest_route=\/wp\/v2\/posts\/305364\/revisions\/305375"}],"wp:featuredmedia":[{"embeddable":true,"href":"https:\/\/archive.sana.sy\/tr\/index.php?rest_route=\/wp\/v2\/media\/305365"}],"wp:attachment":[{"href":"https:\/\/archive.sana.sy\/tr\/index.php?rest_route=%2Fwp%2Fv2%2Fmedia&parent=305364"}],"wp:term":[{"taxonomy":"category","embeddable":true,"href":"https:\/\/archive.sana.sy\/tr\/index.php?rest_route=%2Fwp%2Fv2%2Fcategories&post=305364"},{"taxonomy":"post_tag","embeddable":true,"href":"https:\/\/archive.sana.sy\/tr\/index.php?rest_route=%2Fwp%2Fv2%2Ftags&post=305364"}],"curies":[{"name":"wp","href":"https:\/\/api.w.org\/{rel}","templated":true}]}}