{"id":305368,"date":"2024-07-21T14:45:30","date_gmt":"2024-07-21T11:45:30","guid":{"rendered":"https:\/\/sana.sy\/tr\/?p=305368"},"modified":"2024-07-23T12:49:37","modified_gmt":"2024-07-23T09:49:37","slug":"yuksek-ogretim-ve-bilimsel-arastirma-alaninda-isbirligini-gelistirmek-icin-suriye-sudan-gorusmeleri","status":"publish","type":"post","link":"https:\/\/archive.sana.sy\/tr\/?p=305368","title":{"rendered":"Y\u00fcksek \u00d6\u011fretim Ve Bilimsel Ara\u015ft\u0131rma Alan\u0131nda \u0130\u015fbirli\u011fini Geli\u015ftirmek \u0130\u00e7in Suriye-Sudan G\u00f6r\u00fc\u015fmeleri D\u00fczenlendi"},"content":{"rendered":"<p style=\"text-align: justify;\"><strong>\u015eAM (SANA) \u2013<\/strong> Y\u00fcksek \u00d6\u011frenim ve Bilimsel Ara\u015ft\u0131rma Bakan\u0131 Bessam \u0130brahim, Sudan Cumhuriyeti&#8217;nin \u015eam B\u00fcy\u00fckel\u00e7ili\u011fi Maslahatg\u00fczar Vekili Ahmed \u0130brahim Hasan ile iki \u00fclke aras\u0131ndaki bilimsel, ara\u015ft\u0131rma ve k\u00fclt\u00fcrel i\u015fbirli\u011finin olanaklar\u0131n\u0131 g\u00f6r\u00fc\u015ft\u00fc.<\/p>\n<p style=\"text-align: justify;\">Bakan \u0130brahim, iki taraf aras\u0131nda imzalanan burs, profes\u00f6r de\u011fi\u015fimi, konferanslara kat\u0131l\u0131m ve bilimsel dergilerde yay\u0131n yap\u0131lmas\u0131na ili\u015fkin bilimsel i\u015fbirli\u011fi anla\u015fmas\u0131n\u0131n etkinle\u015ftirilmesi ve geli\u015ftirilmesi gerekti\u011fini vurgulayarak, i\u015f prosed\u00fcrlerini basitle\u015ftirmek ve m\u00fcmk\u00fcn olan en k\u0131sa s\u00fcrede uygulamaya koymak i\u00e7in do\u011fru bir ileti\u015fim mekanizmas\u0131 geli\u015ftirmenin \u00f6nemine dikkat \u00e7ekti.<\/p>\n<p style=\"text-align: justify;\">Bakan \u0130brahim ayr\u0131ca, Suriye&#8217;de y\u00fcksek \u00f6\u011frenim ger\u00e7e\u011fi ve e\u011fitim hastanelerinin vatanda\u015flara e\u011fitim, te\u015fhis ve tedavi hizmetleri sa\u011flamadaki rol\u00fcne ili\u015fkin bir sunum yapt\u0131.<\/p>\n<p style=\"text-align: justify;\">Kendi y\u00f6n\u00fcnden Hasan, \u00fclkesinin Suriye ile her alanda i\u015f birli\u011fini geli\u015ftirme ve geli\u015ftirme arzusunu, \u00fcniversiteler ve Suriye Y\u00fcksek \u00d6\u011fretim ve Bilimsel Ara\u015ft\u0131rma Bakanl\u0131\u011f\u0131 ile koordinasyonun gereklili\u011fine dikkat \u00e7ekerek, e\u011fitimin toplum ilerlemesinin temel direklerinden biri oldu\u011fun\u0131 kaydetti.<\/p>\n<p style=\"text-align: center;\"><strong><a href=\"https:\/\/t.me\/SuriyeArapHaberAjansI\">Telegram Kanal\u0131m\u0131z\u00a0<\/a>||<a href=\"https:\/\/twitter.com\/arap_ajans\">X Platformumuz\u00a0<\/a>||<a href=\"https:\/\/www.facebook.com\/SANAHaberAjansi\/\">Facebook Sayfam\u0131z<\/a><\/strong><\/p>\n<p style=\"text-align: justify;\">\n","protected":false},"excerpt":{"rendered":"<p>\u015eAM (SANA) \u2013 Y\u00fcksek \u00d6\u011frenim ve Bilimsel Ara\u015ft\u0131rma Bakan\u0131 Bessam \u0130brahim, Sudan Cumhuriyeti&#8217;nin \u015eam B\u00fcy\u00fckel\u00e7ili\u011fi Maslahatg\u00fczar Vekili Ahmed \u0130brahim Hasan ile iki \u00fclke aras\u0131ndaki bilimsel, ara\u015ft\u0131rma ve k\u00fclt\u00fcrel i\u015fbirli\u011finin olanaklar\u0131n\u0131 g\u00f6r\u00fc\u015ft\u00fc. Bakan \u0130brahim, iki taraf aras\u0131nda imzalanan burs, profes\u00f6r de\u011fi\u015fimi, konferanslara kat\u0131l\u0131m ve bilimsel dergilerde yay\u0131n yap\u0131lmas\u0131na ili\u015fkin bilimsel i\u015fbirli\u011fi anla\u015fmas\u0131n\u0131n etkinle\u015ftirilmesi ve geli\u015ftirilmesi gerekti\u011fini &hellip;<\/p>\n","protected":false},"author":39,"featured_media":305369,"comment_status":"closed","ping_status":"closed","sticky":false,"template":"","format":"standard","meta":{"footnotes":""},"categories":[479,17988,478],"tags":[],"class_list":["post-305368","post","type-post","status-publish","format-standard","has-post-thumbnail","","category-haberler-yerel","category-son-haberler","category-yerel"],"_links":{"self":[{"href":"https:\/\/archive.sana.sy\/tr\/index.php?rest_route=\/wp\/v2\/posts\/305368","targetHints":{"allow":["GET"]}}],"collection":[{"href":"https:\/\/archive.sana.sy\/tr\/index.php?rest_route=\/wp\/v2\/posts"}],"about":[{"href":"https:\/\/archive.sana.sy\/tr\/index.php?rest_route=\/wp\/v2\/types\/post"}],"author":[{"embeddable":true,"href":"https:\/\/archive.sana.sy\/tr\/index.php?rest_route=\/wp\/v2\/users\/39"}],"replies":[{"embeddable":true,"href":"https:\/\/archive.sana.sy\/tr\/index.php?rest_route=%2Fwp%2Fv2%2Fcomments&post=305368"}],"version-history":[{"count":4,"href":"https:\/\/archive.sana.sy\/tr\/index.php?rest_route=\/wp\/v2\/posts\/305368\/revisions"}],"predecessor-version":[{"id":305387,"href":"https:\/\/archive.sana.sy\/tr\/index.php?rest_route=\/wp\/v2\/posts\/305368\/revisions\/305387"}],"wp:featuredmedia":[{"embeddable":true,"href":"https:\/\/archive.sana.sy\/tr\/index.php?rest_route=\/wp\/v2\/media\/305369"}],"wp:attachment":[{"href":"https:\/\/archive.sana.sy\/tr\/index.php?rest_route=%2Fwp%2Fv2%2Fmedia&parent=305368"}],"wp:term":[{"taxonomy":"category","embeddable":true,"href":"https:\/\/archive.sana.sy\/tr\/index.php?rest_route=%2Fwp%2Fv2%2Fcategories&post=305368"},{"taxonomy":"post_tag","embeddable":true,"href":"https:\/\/archive.sana.sy\/tr\/index.php?rest_route=%2Fwp%2Fv2%2Ftags&post=305368"}],"curies":[{"name":"wp","href":"https:\/\/api.w.org\/{rel}","templated":true}]}}