{"id":305377,"date":"2024-07-21T15:32:01","date_gmt":"2024-07-21T12:32:01","guid":{"rendered":"https:\/\/sana.sy\/tr\/?p=305377"},"modified":"2024-07-23T12:49:53","modified_gmt":"2024-07-23T09:49:53","slug":"suriye-suriye-uluslararasi-adalet-divaninin-askeri-isgalden-kaynaklanan-hukuki-sonuclara-iliskin-kararini-memnuniyetle-karsiladi","status":"publish","type":"post","link":"https:\/\/archive.sana.sy\/tr\/?p=305377","title":{"rendered":"D\u0131\u015fi\u015fleri Bakanl\u0131\u011f\u0131: Suriye, Uluslararas\u0131 Adalet Divan\u0131&#8217;n\u0131n Askeri \u0130\u015fgalden Kaynaklanan Hukuki Sonu\u00e7lara \u0130li\u015fkin Karar\u0131n\u0131 Memnuniyetle Kar\u015f\u0131lad\u0131"},"content":{"rendered":"<p style=\"text-align: justify;\"><strong>\u015eAM (SANA) &#8211;<\/strong> Suriye, Uluslararas\u0131 Adalet Divan\u0131&#8217;n\u0131n, \u0130srail&#8217;in i\u015fgal alt\u0131ndaki Filistin topraklar\u0131ndaki politika ve uygulamalar\u0131ndan kaynaklanan hukuki sonu\u00e7lara ili\u015fkin karar\u0131n\u0131 memnuniyetle kar\u015f\u0131lad\u0131\u011f\u0131n\u0131 ifade ederek, bunun, bu gasp\u00e7\u0131 i\u015fgali sona erdirmek i\u00e7in derhal harekete ge\u00e7ilmesi i\u00e7in bir ivme olu\u015fturdu\u011funu vurgulad\u0131.<\/p>\n<p style=\"text-align: justify;\">D\u0131\u015fi\u015fleri ve Gurbet\u00e7iler Bakanl\u0131\u011f\u0131&#8217;ndan bug\u00fcn bir n\u00fcshas\u0131 SANA&#8217;ya ula\u015fan a\u00e7\u0131klamada \u015fu ifadelere yer verildi: \u2018\u2019Suriye Arap Cumhuriyeti, Uluslararas\u0131 Adalet Divan\u0131&#8217;n\u0131n, \u0130srail&#8217;in Do\u011fu Kud\u00fcs de dahil olmak \u00fczere i\u015fgal alt\u0131ndaki Filistin topraklar\u0131ndaki politika ve uygulamalar\u0131ndan kaynaklanan hukuki sonu\u00e7lara ili\u015fkin karar\u0131n\u0131 memnuniyetle kar\u015f\u0131lamaktad\u0131r.\u2019\u2019<\/p>\n<p style=\"text-align: justify;\">Bakanl\u0131k \u00e7\u0131klamas\u0131nda ayr\u0131ca, \u2018\u2019 Suriye Arap Cumhuriyeti, bu \u00f6nemli karar\u0131n yay\u0131nlanmas\u0131n\u0131n, bu gasp\u00e7\u0131 i\u015fgalin sona erdirilmesi i\u00e7in acil eyleme ge\u00e7ilmesi i\u00e7in bir ivme olu\u015fturdu\u011funu d\u00fc\u015f\u00fcnmektedir. Ayn\u0131 zamanda, \u0130srail&#8217;in Filistin topraklar\u0131n\u0131 i\u015fgal etmesinden kaynaklanan durumu tan\u0131mama ve bunun devam\u0131 i\u00e7in yard\u0131m ve destek sa\u011flamama konusunda uluslararas\u0131 iradenin teyit edilmesinin gereklili\u011fini de vurguluyor\u2019\u2019 dedi.<\/p>\n<p style=\"text-align: justify;\">\u00a0Bakanl\u0131k a\u00e7\u0131klamas\u0131na \u015f\u00f6yle devam etti: \u2018\u2019Suriye Arap Cumhuriyeti, Amerika Birle\u015fik Devletleri&#8217;nin bu i\u015fgalci yap\u0131ya bir koruma \u015femsiyesi sa\u011flama konusundaki titizli\u011fini ve soyk\u0131r\u0131m sava\u015f\u0131na s\u00fcrekli deste\u011fini g\u00f6steren bu karara y\u00f6nelik ele\u015ftirisini k\u0131n\u0131yor.\u2019\u2019<\/p>\n<p style=\"text-align: justify;\">Bakanl\u0131k a\u00e7\u0131klamas\u0131n\u0131 \u015fu ifadelerle tamamlad\u0131: \u2018\u2019 \u2018\u2019 Suriye Arap Cumhuriyeti, Filistin halk\u0131n\u0131n i\u015fgale son verme ve ba\u015fkenti Kud\u00fcs olan ba\u011f\u0131ms\u0131z bir devlet kurma hakk\u0131 da dahil olmak \u00fczere devredilemez ve devredilemez haklar\u0131ndan yararlanma m\u00fccadelesine tam deste\u011fini bir kez daha ifade ediyor. Ayr\u0131ca t\u00fcm d\u00fcnya \u00fclkelerine ve Birle\u015fmi\u015f Milletler&#8217;e, Filistin&#8217;deki halk\u0131m\u0131za y\u00f6nelik yay\u0131lma, yerle\u015fim, y\u0131k\u0131m ve soyk\u0131r\u0131m politikalar\u0131na kar\u015f\u0131 kararl\u0131 bir duru\u015f sergileme \u00e7a\u011fr\u0131s\u0131nda bulunuyor.\u2019\u2019<\/p>\n<p style=\"text-align: center;\"><strong><a href=\"https:\/\/t.me\/SuriyeArapHaberAjansI\">Telegram Kanal\u0131m\u0131z\u00a0<\/a>||<a href=\"https:\/\/twitter.com\/arap_ajans\">X Platformumuz\u00a0<\/a>||<a href=\"https:\/\/www.facebook.com\/SANAHaberAjansi\/\">Facebook Sayfam\u0131z<\/a><\/strong><\/p>\n","protected":false},"excerpt":{"rendered":"<p>\u015eAM (SANA) &#8211; Suriye, Uluslararas\u0131 Adalet Divan\u0131&#8217;n\u0131n, \u0130srail&#8217;in i\u015fgal alt\u0131ndaki Filistin topraklar\u0131ndaki politika ve uygulamalar\u0131ndan kaynaklanan hukuki sonu\u00e7lara ili\u015fkin karar\u0131n\u0131 memnuniyetle kar\u015f\u0131lad\u0131\u011f\u0131n\u0131 ifade ederek, bunun, bu gasp\u00e7\u0131 i\u015fgali sona erdirmek i\u00e7in derhal harekete ge\u00e7ilmesi i\u00e7in bir ivme olu\u015fturdu\u011funu vurgulad\u0131. D\u0131\u015fi\u015fleri ve Gurbet\u00e7iler Bakanl\u0131\u011f\u0131&#8217;ndan bug\u00fcn bir n\u00fcshas\u0131 SANA&#8217;ya ula\u015fan a\u00e7\u0131klamada \u015fu ifadelere yer verildi: \u2018\u2019Suriye Arap &hellip;<\/p>\n","protected":false},"author":41,"featured_media":305378,"comment_status":"closed","ping_status":"closed","sticky":false,"template":"","format":"standard","meta":{"footnotes":""},"categories":[479,17988,478],"tags":[41986,19043,38641,41987],"class_list":["post-305377","post","type-post","status-publish","format-standard","has-post-thumbnail","","category-haberler-yerel","category-son-haberler","category-yerel","tag-suriye-suriye","tag-suriyede-son-durum","tag-suriyede-son-gelimeler","tag-uluslararasi-adalet-divaninin-askeri-isgalden-kaynaklanan-hukuki-sonuclara-iliskin-kararini-memnuniyetle-karsiladi"],"_links":{"self":[{"href":"https:\/\/archive.sana.sy\/tr\/index.php?rest_route=\/wp\/v2\/posts\/305377","targetHints":{"allow":["GET"]}}],"collection":[{"href":"https:\/\/archive.sana.sy\/tr\/index.php?rest_route=\/wp\/v2\/posts"}],"about":[{"href":"https:\/\/archive.sana.sy\/tr\/index.php?rest_route=\/wp\/v2\/types\/post"}],"author":[{"embeddable":true,"href":"https:\/\/archive.sana.sy\/tr\/index.php?rest_route=\/wp\/v2\/users\/41"}],"replies":[{"embeddable":true,"href":"https:\/\/archive.sana.sy\/tr\/index.php?rest_route=%2Fwp%2Fv2%2Fcomments&post=305377"}],"version-history":[{"count":2,"href":"https:\/\/archive.sana.sy\/tr\/index.php?rest_route=\/wp\/v2\/posts\/305377\/revisions"}],"predecessor-version":[{"id":305380,"href":"https:\/\/archive.sana.sy\/tr\/index.php?rest_route=\/wp\/v2\/posts\/305377\/revisions\/305380"}],"wp:featuredmedia":[{"embeddable":true,"href":"https:\/\/archive.sana.sy\/tr\/index.php?rest_route=\/wp\/v2\/media\/305378"}],"wp:attachment":[{"href":"https:\/\/archive.sana.sy\/tr\/index.php?rest_route=%2Fwp%2Fv2%2Fmedia&parent=305377"}],"wp:term":[{"taxonomy":"category","embeddable":true,"href":"https:\/\/archive.sana.sy\/tr\/index.php?rest_route=%2Fwp%2Fv2%2Fcategories&post=305377"},{"taxonomy":"post_tag","embeddable":true,"href":"https:\/\/archive.sana.sy\/tr\/index.php?rest_route=%2Fwp%2Fv2%2Ftags&post=305377"}],"curies":[{"name":"wp","href":"https:\/\/api.w.org\/{rel}","templated":true}]}}