{"id":305384,"date":"2024-07-21T19:15:09","date_gmt":"2024-07-21T16:15:09","guid":{"rendered":"https:\/\/sana.sy\/tr\/?p=305384"},"modified":"2024-07-22T16:50:37","modified_gmt":"2024-07-22T13:50:37","slug":"arap-cocuk-parlamentosu-genel-sekreteri-kapanis-oturumuna-katilan-suriye-heyetine-tesekkur-karti-sundu","status":"publish","type":"post","link":"https:\/\/archive.sana.sy\/tr\/?p=305384","title":{"rendered":"Arap \u00c7ocuk Parlamentosu Genel Sekreteri, Kapan\u0131\u015f Oturumuna Kat\u0131lan Suriye Heyetine Te\u015fekk\u00fcr Kart\u0131 Sundu"},"content":{"rendered":"<p style=\"text-align: justify;\"><strong>\u015eAR\u0130KA (SANA<\/strong>) &#8211; Birle\u015fik Arap Emirlikleri&#8217;nin \u015earika Emirli\u011fi&#8217;nde d\u00fczenlenen Parlamento \u00e7al\u0131\u015fmalar\u0131na kat\u0131l\u0131m\u0131n sonunda Arap \u00c7ocuklar Parlamentosu Genel Sekreteri, kat\u0131lanSuriye heyetine aktif ve samimi \u00e7al\u0131\u015fmalar\u0131ndan dolay\u0131 te\u015fekk\u00fcr ve takdir kart\u0131 takdim etti.<\/p>\n<p style=\"text-align: justify;\">Bug\u00fcn Birle\u015fik Arap Emirlikleri&#8217;nin \u015earik Emirli\u011fi&#8217;ndeki Arap \u00c7ocuklar Parlamentosu&#8217;nun \u00fc\u00e7\u00fcnc\u00fc oturumunun d\u00f6rd\u00fcnc\u00fc kapan\u0131\u015f oturumu \u00e7al\u0131\u015fmalar\u0131, Suriyeli \u00e7ocuklar\u0131 temsil eden bir heyetin kat\u0131l\u0131m\u0131yla sona erdi.<\/p>\n<p style=\"text-align: justify;\">Oturumun etkinlikleri aras\u0131nda \u00e7ocuk parlamenterlerin bilgi ve becerilerini geli\u015ftirmek amac\u0131yla kat\u0131ld\u0131klar\u0131 11 etkinli\u011fin yer ald\u0131\u011f\u0131 se\u00e7kin bir program yer ald\u0131.<\/p>\n<p style=\"text-align: justify;\">Suriyeli \u00e7ocuklar vizyonlar\u0131n\u0131, ilgilerini ve zengin deneyimlerini Arap karde\u015fleriyle payla\u015farak onlarla ileti\u015fim k\u00f6pr\u00fcleri kurdular, Arap \u00e7ocuklar\u0131n\u0131n kalplerini tek y\u00fcrekte birle\u015ftirmeye kadar geni\u015fleyen hayallerini ve hedeflerini payla\u015ft\u0131lar.<\/p>\n<p style=\"text-align: justify;\">Genel oturumun sonunda kat\u0131l\u0131mc\u0131 Suriye heyeti, Parlamento Genel Sekreteri Eymen Osman El Barut&#8217;a ve \u00e7al\u0131\u015fma ekibine \u015earika Emirli\u011fi&#8217;ndeki \u00e7aba, ilgi ve s\u0131cak kar\u015f\u0131lama i\u00e7in te\u015fekk\u00fcr etti.<\/p>\n<p style=\"text-align: center;\"><strong><a href=\"https:\/\/t.me\/SuriyeArapHaberAjansI\">Telegram Kanal\u0131m\u0131z\u00a0<\/a>||<a href=\"https:\/\/twitter.com\/arap_ajans\">X Platformumuz\u00a0<\/a>||<a href=\"https:\/\/www.facebook.com\/SANAHaberAjansi\/\">Facebook Sayfam\u0131z<\/a><\/strong><\/p>\n","protected":false},"excerpt":{"rendered":"<p>\u015eAR\u0130KA (SANA) &#8211; Birle\u015fik Arap Emirlikleri&#8217;nin \u015earika Emirli\u011fi&#8217;nde d\u00fczenlenen Parlamento \u00e7al\u0131\u015fmalar\u0131na kat\u0131l\u0131m\u0131n sonunda Arap \u00c7ocuklar Parlamentosu Genel Sekreteri, kat\u0131lanSuriye heyetine aktif ve samimi \u00e7al\u0131\u015fmalar\u0131ndan dolay\u0131 te\u015fekk\u00fcr ve takdir kart\u0131 takdim etti. Bug\u00fcn Birle\u015fik Arap Emirlikleri&#8217;nin \u015earik Emirli\u011fi&#8217;ndeki Arap \u00c7ocuklar Parlamentosu&#8217;nun \u00fc\u00e7\u00fcnc\u00fc oturumunun d\u00f6rd\u00fcnc\u00fc kapan\u0131\u015f oturumu \u00e7al\u0131\u015fmalar\u0131, Suriyeli \u00e7ocuklar\u0131 temsil eden bir heyetin kat\u0131l\u0131m\u0131yla sona erdi. &hellip;<\/p>\n","protected":false},"author":41,"featured_media":305385,"comment_status":"closed","ping_status":"closed","sticky":false,"template":"","format":"standard","meta":{"footnotes":""},"categories":[458,459,17988],"tags":[],"class_list":["post-305384","post","type-post","status-publish","format-standard","has-post-thumbnail","","category-dunya1","category-haberler-arap-uluslararasi-politika","category-son-haberler"],"_links":{"self":[{"href":"https:\/\/archive.sana.sy\/tr\/index.php?rest_route=\/wp\/v2\/posts\/305384","targetHints":{"allow":["GET"]}}],"collection":[{"href":"https:\/\/archive.sana.sy\/tr\/index.php?rest_route=\/wp\/v2\/posts"}],"about":[{"href":"https:\/\/archive.sana.sy\/tr\/index.php?rest_route=\/wp\/v2\/types\/post"}],"author":[{"embeddable":true,"href":"https:\/\/archive.sana.sy\/tr\/index.php?rest_route=\/wp\/v2\/users\/41"}],"replies":[{"embeddable":true,"href":"https:\/\/archive.sana.sy\/tr\/index.php?rest_route=%2Fwp%2Fv2%2Fcomments&post=305384"}],"version-history":[{"count":1,"href":"https:\/\/archive.sana.sy\/tr\/index.php?rest_route=\/wp\/v2\/posts\/305384\/revisions"}],"predecessor-version":[{"id":305386,"href":"https:\/\/archive.sana.sy\/tr\/index.php?rest_route=\/wp\/v2\/posts\/305384\/revisions\/305386"}],"wp:featuredmedia":[{"embeddable":true,"href":"https:\/\/archive.sana.sy\/tr\/index.php?rest_route=\/wp\/v2\/media\/305385"}],"wp:attachment":[{"href":"https:\/\/archive.sana.sy\/tr\/index.php?rest_route=%2Fwp%2Fv2%2Fmedia&parent=305384"}],"wp:term":[{"taxonomy":"category","embeddable":true,"href":"https:\/\/archive.sana.sy\/tr\/index.php?rest_route=%2Fwp%2Fv2%2Fcategories&post=305384"},{"taxonomy":"post_tag","embeddable":true,"href":"https:\/\/archive.sana.sy\/tr\/index.php?rest_route=%2Fwp%2Fv2%2Ftags&post=305384"}],"curies":[{"name":"wp","href":"https:\/\/api.w.org\/{rel}","templated":true}]}}