{"id":305395,"date":"2024-07-22T11:33:56","date_gmt":"2024-07-22T08:33:56","guid":{"rendered":"https:\/\/sana.sy\/tr\/?p=305395"},"modified":"2024-07-23T12:50:03","modified_gmt":"2024-07-23T09:50:03","slug":"isgalci-israil-400-bin-filistinliyi-han-yunusun-dogu-mahallelerinden-goc-etmeye-zorladi","status":"publish","type":"post","link":"https:\/\/archive.sana.sy\/tr\/?p=305395","title":{"rendered":"\u0130\u015fgalci \u0130srail 400 Bin Filistinliyi Han Yunus&#8217;un Do\u011fu Mahallelerinden G\u00f6\u00e7 Etmeye Zorlad\u0131"},"content":{"rendered":"<p><strong>\u0130\u015eGAL ED\u0130LEN KUD\u00dcS (SANA) \u2013<\/strong> \u0130srail i\u015fgal g\u00fc\u00e7leri bug\u00fcn 400 bin Filistinliyi Gazze \u015eeridi&#8217;nin g\u00fcneyindeki Han Yunus \u015fehrinin do\u011fu mahallelerinden \u015fehrin bat\u0131s\u0131ndaki El Mevesi b\u00f6lgesine g\u00f6\u00e7 etmeye zorlad\u0131.<\/p>\n<p>WAFA Haber Ajans\u0131, tahliye emrinin hemen ard\u0131ndan i\u015fgalcilerin, mahalle sakinlerinin bu mahalleleri terk etmesine f\u0131rsat vermeden havadan ve karadan yo\u011fun bir bombalama operasyonu ba\u015flatt\u0131\u011f\u0131n\u0131, bunun 16 \u015fehidin \u00f6l\u00fcm\u00fcne, onlarca ki\u015finin de yaralanmas\u0131na yol a\u00e7t\u0131\u011f\u0131n\u0131 bildirdi.<\/p>\n<p style=\"text-align: center;\"><strong><a href=\"https:\/\/t.me\/SuriyeArapHaberAjansI\">Telegram Kanal\u0131m\u0131z\u00a0<\/a>||<a href=\"https:\/\/twitter.com\/arap_ajans\">X Platformumuz\u00a0<\/a>||<a href=\"https:\/\/www.facebook.com\/SANAHaberAjansi\/\">Facebook Sayfam\u0131z<\/a><\/strong><\/p>\n","protected":false},"excerpt":{"rendered":"<p>\u0130\u015eGAL ED\u0130LEN KUD\u00dcS (SANA) \u2013 \u0130srail i\u015fgal g\u00fc\u00e7leri bug\u00fcn 400 bin Filistinliyi Gazze \u015eeridi&#8217;nin g\u00fcneyindeki Han Yunus \u015fehrinin do\u011fu mahallelerinden \u015fehrin bat\u0131s\u0131ndaki El Mevesi b\u00f6lgesine g\u00f6\u00e7 etmeye zorlad\u0131. WAFA Haber Ajans\u0131, tahliye emrinin hemen ard\u0131ndan i\u015fgalcilerin, mahalle sakinlerinin bu mahalleleri terk etmesine f\u0131rsat vermeden havadan ve karadan yo\u011fun bir bombalama operasyonu ba\u015flatt\u0131\u011f\u0131n\u0131, bunun 16 \u015fehidin &hellip;<\/p>\n","protected":false},"author":39,"featured_media":305396,"comment_status":"closed","ping_status":"closed","sticky":false,"template":"","format":"standard","meta":{"footnotes":""},"categories":[458,459,17988],"tags":[],"class_list":["post-305395","post","type-post","status-publish","format-standard","has-post-thumbnail","","category-dunya1","category-haberler-arap-uluslararasi-politika","category-son-haberler"],"_links":{"self":[{"href":"https:\/\/archive.sana.sy\/tr\/index.php?rest_route=\/wp\/v2\/posts\/305395","targetHints":{"allow":["GET"]}}],"collection":[{"href":"https:\/\/archive.sana.sy\/tr\/index.php?rest_route=\/wp\/v2\/posts"}],"about":[{"href":"https:\/\/archive.sana.sy\/tr\/index.php?rest_route=\/wp\/v2\/types\/post"}],"author":[{"embeddable":true,"href":"https:\/\/archive.sana.sy\/tr\/index.php?rest_route=\/wp\/v2\/users\/39"}],"replies":[{"embeddable":true,"href":"https:\/\/archive.sana.sy\/tr\/index.php?rest_route=%2Fwp%2Fv2%2Fcomments&post=305395"}],"version-history":[{"count":1,"href":"https:\/\/archive.sana.sy\/tr\/index.php?rest_route=\/wp\/v2\/posts\/305395\/revisions"}],"predecessor-version":[{"id":305397,"href":"https:\/\/archive.sana.sy\/tr\/index.php?rest_route=\/wp\/v2\/posts\/305395\/revisions\/305397"}],"wp:featuredmedia":[{"embeddable":true,"href":"https:\/\/archive.sana.sy\/tr\/index.php?rest_route=\/wp\/v2\/media\/305396"}],"wp:attachment":[{"href":"https:\/\/archive.sana.sy\/tr\/index.php?rest_route=%2Fwp%2Fv2%2Fmedia&parent=305395"}],"wp:term":[{"taxonomy":"category","embeddable":true,"href":"https:\/\/archive.sana.sy\/tr\/index.php?rest_route=%2Fwp%2Fv2%2Fcategories&post=305395"},{"taxonomy":"post_tag","embeddable":true,"href":"https:\/\/archive.sana.sy\/tr\/index.php?rest_route=%2Fwp%2Fv2%2Ftags&post=305395"}],"curies":[{"name":"wp","href":"https:\/\/api.w.org\/{rel}","templated":true}]}}