{"id":305429,"date":"2024-07-22T06:07:20","date_gmt":"2024-07-22T03:07:20","guid":{"rendered":"https:\/\/sana.sy\/tr\/?p=305429"},"modified":"2024-07-22T19:16:09","modified_gmt":"2024-07-22T16:16:09","slug":"el-mikdad-iran-disisleri-bakaninin-ozel-siyasi-islerden-sorumlu-kidemli-danismaniyla-gorustu","status":"publish","type":"post","link":"https:\/\/archive.sana.sy\/tr\/?p=305429","title":{"rendered":"Mikdad, \u0130ran D\u0131\u015fi\u015fleri Bakan\u0131&#8217;n\u0131n \u00d6zel Siyasi \u0130\u015flerden Sorumlu Dan\u0131\u015fman\u0131yla G\u00f6r\u00fc\u015ft\u00fc"},"content":{"rendered":"<p><strong>\u015eAM (SANA) \u2013<\/strong> D\u0131\u015fi\u015fleri Ve Gurbet\u00e7iler Bakan\u0131 Faysal Mikdad, bug\u00fcn \u0130ran D\u0131\u015fi\u015fleri Bakan\u0131&#8217;n\u0131n \u00d6zel Siyasi \u0130\u015fler Ba\u015fdan\u0131\u015fman\u0131 Ali As\u011far Haci ve beraberindeki heyetle bakanl\u0131k binas\u0131nda bir araya geldi.<\/p>\n<p style=\"text-align: center;\"><strong><a href=\"https:\/\/t.me\/SuriyeArapHaberAjansI\">Telegram Kanal\u0131m\u0131z\u00a0<\/a>||<a href=\"https:\/\/twitter.com\/arap_ajans\">X Platformumuz\u00a0<\/a>||<a href=\"https:\/\/www.facebook.com\/SANAHaberAjansi\/\">Facebook Sayfam\u0131z<\/a><\/strong><\/p>\n","protected":false},"excerpt":{"rendered":"<p>\u015eAM (SANA) \u2013 D\u0131\u015fi\u015fleri Ve Gurbet\u00e7iler Bakan\u0131 Faysal Mikdad, bug\u00fcn \u0130ran D\u0131\u015fi\u015fleri Bakan\u0131&#8217;n\u0131n \u00d6zel Siyasi \u0130\u015fler Ba\u015fdan\u0131\u015fman\u0131 Ali As\u011far Haci ve beraberindeki heyetle bakanl\u0131k binas\u0131nda bir araya geldi. Telegram Kanal\u0131m\u0131z\u00a0||X Platformumuz\u00a0||Facebook Sayfam\u0131z<\/p>\n","protected":false},"author":39,"featured_media":305430,"comment_status":"closed","ping_status":"closed","sticky":false,"template":"","format":"standard","meta":{"footnotes":""},"categories":[479,478],"tags":[],"class_list":["post-305429","post","type-post","status-publish","format-standard","has-post-thumbnail","","category-haberler-yerel","category-yerel"],"_links":{"self":[{"href":"https:\/\/archive.sana.sy\/tr\/index.php?rest_route=\/wp\/v2\/posts\/305429","targetHints":{"allow":["GET"]}}],"collection":[{"href":"https:\/\/archive.sana.sy\/tr\/index.php?rest_route=\/wp\/v2\/posts"}],"about":[{"href":"https:\/\/archive.sana.sy\/tr\/index.php?rest_route=\/wp\/v2\/types\/post"}],"author":[{"embeddable":true,"href":"https:\/\/archive.sana.sy\/tr\/index.php?rest_route=\/wp\/v2\/users\/39"}],"replies":[{"embeddable":true,"href":"https:\/\/archive.sana.sy\/tr\/index.php?rest_route=%2Fwp%2Fv2%2Fcomments&post=305429"}],"version-history":[{"count":4,"href":"https:\/\/archive.sana.sy\/tr\/index.php?rest_route=\/wp\/v2\/posts\/305429\/revisions"}],"predecessor-version":[{"id":305440,"href":"https:\/\/archive.sana.sy\/tr\/index.php?rest_route=\/wp\/v2\/posts\/305429\/revisions\/305440"}],"wp:featuredmedia":[{"embeddable":true,"href":"https:\/\/archive.sana.sy\/tr\/index.php?rest_route=\/wp\/v2\/media\/305430"}],"wp:attachment":[{"href":"https:\/\/archive.sana.sy\/tr\/index.php?rest_route=%2Fwp%2Fv2%2Fmedia&parent=305429"}],"wp:term":[{"taxonomy":"category","embeddable":true,"href":"https:\/\/archive.sana.sy\/tr\/index.php?rest_route=%2Fwp%2Fv2%2Fcategories&post=305429"},{"taxonomy":"post_tag","embeddable":true,"href":"https:\/\/archive.sana.sy\/tr\/index.php?rest_route=%2Fwp%2Fv2%2Ftags&post=305429"}],"curies":[{"name":"wp","href":"https:\/\/api.w.org\/{rel}","templated":true}]}}