{"id":305433,"date":"2024-07-22T06:22:33","date_gmt":"2024-07-22T03:22:33","guid":{"rendered":"https:\/\/sana.sy\/tr\/?p=305433"},"modified":"2024-07-22T16:48:37","modified_gmt":"2024-07-22T13:48:37","slug":"suriyenin-katilimiyla-ikinci-bagdat-uluslararasi-uyusturucuyla-mucadele-konferansi-calismalari-baslatildi","status":"publish","type":"post","link":"https:\/\/archive.sana.sy\/tr\/?p=305433","title":{"rendered":"Suriye&#8217;nin Kat\u0131l\u0131m\u0131yla&#8230; \u0130kinci Ba\u011fdat Uluslararas\u0131 Uyu\u015fturucuyla M\u00fccadele Konferans\u0131 \u00c7al\u0131\u015fmalar\u0131 Ba\u015flat\u0131ld\u0131"},"content":{"rendered":"<p style=\"text-align: justify;\"><strong>BA\u011eDAT (SANA) \u2013 <\/strong>\u0130kinci Ba\u011fdat Uluslararas\u0131 Uyu\u015fturucuyla M\u00fccadele Konferans\u0131 \u00e7al\u0131\u015fmalar\u0131 bug\u00fcn Irak&#8217;\u0131n ba\u015fkenti Ba\u011fdat&#8217;ta, aralar\u0131nda \u0130\u00e7i\u015fleri Bakan\u0131 T\u00fcmgeneral Muhammed El Rahmun&#8217;un da bulundu\u011fu Irak&#8217;a kom\u015fu \u00fclkelerin i\u00e7i\u015fleri bakanlar\u0131n\u0131n kat\u0131l\u0131m\u0131yla ba\u015flad\u0131.<\/p>\n<p style=\"text-align: justify;\">Irak Ba\u015fbakan\u0131 Muhammed \u015eeyya El Sudani, konferans\u0131n a\u00e7\u0131l\u0131\u015f\u0131nda yapt\u0131\u011f\u0131 konu\u015fmada, Irak h\u00fck\u00fcmetinin uyu\u015fturucu \u00e7etelerini ortadan kald\u0131rmaya y\u00f6nelik tedbirler ba\u015flatt\u0131\u011f\u0131n\u0131 vurgulayarak, Irak&#8217;\u0131n kom\u015fu \u00fclkelerle ortak koordinasyona haz\u0131r oldu\u011funa i\u015faret etti.<\/p>\n<p style=\"text-align: justify;\">Kendi y\u00f6n\u00fcnden Irak \u0130\u00e7i\u015fleri Bakan\u0131 Abdulemir El \u015eummari konu\u015fmas\u0131nda, uyu\u015fturucu tehdidinin g\u00fc\u00e7l\u00fc bir \u015fekilde artt\u0131\u011f\u0131n\u0131, bu belay\u0131 kontrol alt\u0131na alacak uluslararas\u0131 bir belgeye ihtiyac\u0131m\u0131z oldu\u011funu belirtirken, uyu\u015fturucu tehdidiyle m\u00fccadelede i\u015fbirli\u011fi ve koordinasyon ihtiyac\u0131n\u0131n vurgulad\u0131.<\/p>\n<p style=\"text-align: justify;\">El \u015eummari ayr\u0131ca, verimli bir i\u015fbirli\u011fi olmazsa uyu\u015fturucu tehdidinin devam edece\u011fini vurgulayarak, Irak \u0130\u00e7i\u015fleri Bakanl\u0131\u011f\u0131&#8217;n\u0131n uyu\u015fturucu tacirlerini takip etmek ve b\u00fcy\u00fck uyu\u015fturucu tacirlerini devirmek i\u00e7in \u00e7ok say\u0131da \u00f6nlem ve iyi d\u00fc\u015f\u00fcn\u00fclm\u00fc\u015f planlar ba\u015flatt\u0131\u011f\u0131na i\u015faret etti.<\/p>\n<p style=\"text-align: justify;\">Irak \u0130\u00e7i\u015fleri Bakan\u0131, Irak \u0130\u00e7i\u015fleri Bakanl\u0131\u011f\u0131&#8217;n\u0131n uyu\u015fturucu ka\u00e7ak\u00e7\u0131lar\u0131n\u0131 takip etmek ve b\u00fcy\u00fck uyu\u015fturucu ka\u00e7ak\u00e7\u0131lar\u0131n\u0131 devirmek i\u00e7in \u00e7ok say\u0131da \u00f6nlem ve iyi d\u00fc\u015f\u00fcn\u00fclm\u00fc\u015f planlar ba\u015flatt\u0131\u011f\u0131na i\u015faret ederek, uyu\u015fturucu olgusuyla m\u00fccadele i\u00e7in bir\u00e7ok \u00fclkeyle mutabakat zapt\u0131 imzaland\u0131\u011f\u0131n\u0131 a\u00e7\u0131klad\u0131.<\/p>\n<p style=\"text-align: center;\"><strong><a href=\"https:\/\/t.me\/SuriyeArapHaberAjansI\">Telegram Kanal\u0131m\u0131z\u00a0<\/a>||<a href=\"https:\/\/twitter.com\/arap_ajans\">X Platformumuz\u00a0<\/a>||<a href=\"https:\/\/www.facebook.com\/SANAHaberAjansi\/\">Facebook Sayfam\u0131z<\/a><\/strong><\/p>\n","protected":false},"excerpt":{"rendered":"<p>BA\u011eDAT (SANA) \u2013 \u0130kinci Ba\u011fdat Uluslararas\u0131 Uyu\u015fturucuyla M\u00fccadele Konferans\u0131 \u00e7al\u0131\u015fmalar\u0131 bug\u00fcn Irak&#8217;\u0131n ba\u015fkenti Ba\u011fdat&#8217;ta, aralar\u0131nda \u0130\u00e7i\u015fleri Bakan\u0131 T\u00fcmgeneral Muhammed El Rahmun&#8217;un da bulundu\u011fu Irak&#8217;a kom\u015fu \u00fclkelerin i\u00e7i\u015fleri bakanlar\u0131n\u0131n kat\u0131l\u0131m\u0131yla ba\u015flad\u0131. Irak Ba\u015fbakan\u0131 Muhammed \u015eeyya El Sudani, konferans\u0131n a\u00e7\u0131l\u0131\u015f\u0131nda yapt\u0131\u011f\u0131 konu\u015fmada, Irak h\u00fck\u00fcmetinin uyu\u015fturucu \u00e7etelerini ortadan kald\u0131rmaya y\u00f6nelik tedbirler ba\u015flatt\u0131\u011f\u0131n\u0131 vurgulayarak, Irak&#8217;\u0131n kom\u015fu \u00fclkelerle ortak koordinasyona &hellip;<\/p>\n","protected":false},"author":39,"featured_media":305439,"comment_status":"closed","ping_status":"closed","sticky":false,"template":"","format":"standard","meta":{"footnotes":""},"categories":[458,459],"tags":[],"class_list":["post-305433","post","type-post","status-publish","format-standard","has-post-thumbnail","","category-dunya1","category-haberler-arap-uluslararasi-politika"],"_links":{"self":[{"href":"https:\/\/archive.sana.sy\/tr\/index.php?rest_route=\/wp\/v2\/posts\/305433","targetHints":{"allow":["GET"]}}],"collection":[{"href":"https:\/\/archive.sana.sy\/tr\/index.php?rest_route=\/wp\/v2\/posts"}],"about":[{"href":"https:\/\/archive.sana.sy\/tr\/index.php?rest_route=\/wp\/v2\/types\/post"}],"author":[{"embeddable":true,"href":"https:\/\/archive.sana.sy\/tr\/index.php?rest_route=\/wp\/v2\/users\/39"}],"replies":[{"embeddable":true,"href":"https:\/\/archive.sana.sy\/tr\/index.php?rest_route=%2Fwp%2Fv2%2Fcomments&post=305433"}],"version-history":[{"count":3,"href":"https:\/\/archive.sana.sy\/tr\/index.php?rest_route=\/wp\/v2\/posts\/305433\/revisions"}],"predecessor-version":[{"id":305437,"href":"https:\/\/archive.sana.sy\/tr\/index.php?rest_route=\/wp\/v2\/posts\/305433\/revisions\/305437"}],"wp:featuredmedia":[{"embeddable":true,"href":"https:\/\/archive.sana.sy\/tr\/index.php?rest_route=\/wp\/v2\/media\/305439"}],"wp:attachment":[{"href":"https:\/\/archive.sana.sy\/tr\/index.php?rest_route=%2Fwp%2Fv2%2Fmedia&parent=305433"}],"wp:term":[{"taxonomy":"category","embeddable":true,"href":"https:\/\/archive.sana.sy\/tr\/index.php?rest_route=%2Fwp%2Fv2%2Fcategories&post=305433"},{"taxonomy":"post_tag","embeddable":true,"href":"https:\/\/archive.sana.sy\/tr\/index.php?rest_route=%2Fwp%2Fv2%2Ftags&post=305433"}],"curies":[{"name":"wp","href":"https:\/\/api.w.org\/{rel}","templated":true}]}}