{"id":305441,"date":"2024-07-22T15:46:54","date_gmt":"2024-07-22T12:46:54","guid":{"rendered":"https:\/\/sana.sy\/tr\/?p=305441"},"modified":"2024-07-23T12:50:13","modified_gmt":"2024-07-23T09:50:13","slug":"kultur-bakani-rusyanin-sam-buyukelcisi-ile-kulturel-isbirligini-gorustu","status":"publish","type":"post","link":"https:\/\/archive.sana.sy\/tr\/?p=305441","title":{"rendered":"K\u00fclt\u00fcr Bakan\u0131, Rusya&#8217;n\u0131n \u015eam B\u00fcy\u00fckel\u00e7isi \u0130le K\u00fclt\u00fcrel \u0130\u015fbirli\u011fini G\u00f6r\u00fc\u015ft\u00fc"},"content":{"rendered":"<p style=\"text-align: justify;\"><strong>\u015eAM (SANA) &#8211;<\/strong>\u00a0 K\u00fclt\u00fcr Bakan\u0131 Lubana Mu\u015favveh, Rusya&#8217;n\u0131n \u015eam B\u00fcy\u00fckel\u00e7isi Alexander Yefimov ile iki \u00fclke aras\u0131ndaki k\u00fclt\u00fcrel i\u015fbirli\u011fini ve Palmira kentindeki Zafer Tak\u0131&#8217;n\u0131n yeniden in\u015fas\u0131 ve restorasyonuna y\u00f6nelik projenin <img loading=\"lazy\" decoding=\"async\" class=\"size-full wp-image-305443 alignright\" src=\"http:\/\/sana.sy\/tr\/wp-content\/uploads\/2024\/07\/photo_2024-07-22_14-07-19-2-300x170-1.jpg\" alt=\"\" width=\"300\" height=\"170\" \/>ayr\u0131nt\u0131lar\u0131n\u0131 g\u00f6r\u00fc\u015ft\u00fc.<\/p>\n<p style=\"text-align: justify;\">Bakan M\u00fc\u015favveh K\u00fclt\u00fcr Bakanl\u0131\u011f\u0131&#8217;nda yap\u0131lan g\u00f6r\u00fc\u015fme s\u0131ras\u0131nda, iki \u00fclke i\u00e7in projenin \u00f6nemini ve h\u0131zl\u0131 uygulamay\u0131 engelleyen t\u00fcm zorluklar\u0131n \u00fcstesinden gelme gereklili\u011fini vurgulad\u0131 ve bu alandaki iki taraf aras\u0131ndaki mevcut bilimsel ve sanatsal i\u015fbirli\u011fini \u00e7ok takdir etti.<\/p>\n<p style=\"text-align: justify;\">Rusya b\u00fcy\u00fckel\u00e7isi ise, projenin k\u00fclt\u00fcrel ve siyasi a\u00e7\u0131dan \u00f6nemini ve her iki taraf\u0131n da bu tarihi yap\u0131y\u0131 en son bilimsel y\u00f6ntem ve yakla\u015f\u0131mlar\u0131 kullanarak kurtarma konusundaki isteklili\u011fini vurgulad\u0131.<\/p>\n<p style=\"text-align: justify;\">G\u00f6r\u00fc\u015fmede iki taraf, bir sonraki a\u015faman\u0131n \u00e7al\u0131\u015fma metodolojisi ve takvimi \u00fczerinde anla\u015fmaya varmak i\u00e7in Rus ve Suriyeli uzmanlar\u0131n kat\u0131l\u0131m\u0131yla ortak bir toplant\u0131 yap\u0131lmas\u0131n\u0131n gereklili\u011fi konusunda mutabakata vard\u0131.<\/p>\n<p style=\"text-align: center;\"><strong><a href=\"https:\/\/t.me\/SuriyeArapHaberAjansI\">Telegram Kanal\u0131m\u0131z\u00a0<\/a>||<a href=\"https:\/\/twitter.com\/arap_ajans\">X Platformumuz\u00a0<\/a>||<a href=\"https:\/\/www.facebook.com\/SANAHaberAjansi\/\">Facebook Sayfam\u0131z<\/a><\/strong><\/p>\n","protected":false},"excerpt":{"rendered":"<p>\u015eAM (SANA) &#8211;\u00a0 K\u00fclt\u00fcr Bakan\u0131 Lubana Mu\u015favveh, Rusya&#8217;n\u0131n \u015eam B\u00fcy\u00fckel\u00e7isi Alexander Yefimov ile iki \u00fclke aras\u0131ndaki k\u00fclt\u00fcrel i\u015fbirli\u011fini ve Palmira kentindeki Zafer Tak\u0131&#8217;n\u0131n yeniden in\u015fas\u0131 ve restorasyonuna y\u00f6nelik projenin ayr\u0131nt\u0131lar\u0131n\u0131 g\u00f6r\u00fc\u015ft\u00fc. Bakan M\u00fc\u015favveh K\u00fclt\u00fcr Bakanl\u0131\u011f\u0131&#8217;nda yap\u0131lan g\u00f6r\u00fc\u015fme s\u0131ras\u0131nda, iki \u00fclke i\u00e7in projenin \u00f6nemini ve h\u0131zl\u0131 uygulamay\u0131 engelleyen t\u00fcm zorluklar\u0131n \u00fcstesinden gelme gereklili\u011fini vurgulad\u0131 ve bu &hellip;<\/p>\n","protected":false},"author":41,"featured_media":305442,"comment_status":"closed","ping_status":"closed","sticky":false,"template":"","format":"standard","meta":{"footnotes":""},"categories":[516,511,17988],"tags":[27920,41991],"class_list":["post-305441","post","type-post","status-publish","format-standard","has-post-thumbnail","","category-haberler-kultur-ve-sanat","category-kultur-ve-sanat","category-son-haberler","tag-kultur-bakani","tag-rusyanin-sam-buyukelcisi-ile-kulturel-isbirligini-gorustu"],"_links":{"self":[{"href":"https:\/\/archive.sana.sy\/tr\/index.php?rest_route=\/wp\/v2\/posts\/305441","targetHints":{"allow":["GET"]}}],"collection":[{"href":"https:\/\/archive.sana.sy\/tr\/index.php?rest_route=\/wp\/v2\/posts"}],"about":[{"href":"https:\/\/archive.sana.sy\/tr\/index.php?rest_route=\/wp\/v2\/types\/post"}],"author":[{"embeddable":true,"href":"https:\/\/archive.sana.sy\/tr\/index.php?rest_route=\/wp\/v2\/users\/41"}],"replies":[{"embeddable":true,"href":"https:\/\/archive.sana.sy\/tr\/index.php?rest_route=%2Fwp%2Fv2%2Fcomments&post=305441"}],"version-history":[{"count":3,"href":"https:\/\/archive.sana.sy\/tr\/index.php?rest_route=\/wp\/v2\/posts\/305441\/revisions"}],"predecessor-version":[{"id":305446,"href":"https:\/\/archive.sana.sy\/tr\/index.php?rest_route=\/wp\/v2\/posts\/305441\/revisions\/305446"}],"wp:featuredmedia":[{"embeddable":true,"href":"https:\/\/archive.sana.sy\/tr\/index.php?rest_route=\/wp\/v2\/media\/305442"}],"wp:attachment":[{"href":"https:\/\/archive.sana.sy\/tr\/index.php?rest_route=%2Fwp%2Fv2%2Fmedia&parent=305441"}],"wp:term":[{"taxonomy":"category","embeddable":true,"href":"https:\/\/archive.sana.sy\/tr\/index.php?rest_route=%2Fwp%2Fv2%2Fcategories&post=305441"},{"taxonomy":"post_tag","embeddable":true,"href":"https:\/\/archive.sana.sy\/tr\/index.php?rest_route=%2Fwp%2Fv2%2Ftags&post=305441"}],"curies":[{"name":"wp","href":"https:\/\/api.w.org\/{rel}","templated":true}]}}