{"id":305447,"date":"2024-07-22T16:26:39","date_gmt":"2024-07-22T13:26:39","guid":{"rendered":"https:\/\/sana.sy\/tr\/?p=305447"},"modified":"2024-07-24T11:48:54","modified_gmt":"2024-07-24T08:48:54","slug":"cumhurbaskani-esad-arap-muhendisler-birligi-heyetine-arap-orgutlerinin-ve-birliklerinin-sosyal-ve-gelisimsel-rolunu-vurguladi","status":"publish","type":"post","link":"https:\/\/archive.sana.sy\/tr\/?p=305447","title":{"rendered":"Cumhurba\u015fkan\u0131 Esad, Arap M\u00fchendisler Birli\u011fi Heyetine Arap \u00d6rg\u00fctlerinin Ve Birliklerinin Sosyal Ve Geli\u015fimsel Rol\u00fcn\u00fc Vurgulad\u0131"},"content":{"rendered":"<p style=\"text-align: justify;\"><strong>\u015eAM <\/strong><strong>(SANA) &#8211;<\/strong> Cumhurba\u015fkan\u0131 Be\u015f\u015far Esad, Arap \u00f6rg\u00fctlerinin ve birliklerinin sosyal ve geli\u015fimsel rol\u00fcn\u00fc ve ayn\u0131 de\u011ferleri ve \u00f6zlemleri payla\u015fan Arap toplumu i\u00e7inde etkili bir diyalog yaratmadaki \u00f6nemini vurgulad\u0131.<\/p>\n<p style=\"text-align: justify;\">Arap M\u00fchendisler Birli\u011fi heyetini kabul ederken Cumhurba\u015fkan\u0131 Esad, diyalo\u011fun, \u00f6zellikle de sosyal diyalo\u011fun etkinle\u015ftirilmesinin \u00f6nemini vurgulayarak, \u2018\u2019\u00c7\u00fcnk\u00fc toplum, uygulamadan yoksun ideolojiden uzak, her \u015feyin temelidir\u2019\u2019 ifadelerini kulland\u0131.<\/p>\n<p style=\"text-align: justify;\">Cumhurba\u015fkan\u0131 Esad ayr\u0131ca, Arap federasyonlar\u0131n\u0131n kapsaml\u0131 kalk\u0131nmay\u0131 sa\u011flamak i\u00e7in pratik politikalar in\u015fa etme ve stratejik projeler olu\u015fturma \u00fczerinde \u00e7al\u0131\u015fmas\u0131 gerekti\u011fine dikkat \u00e7ekti.<\/p>\n<p style=\"text-align: justify;\">D\u00fc\u015fman \u0130srail\u2019e kar\u015f\u0131 Filistin halk\u0131n\u0131n somutla\u015ft\u0131rd\u0131\u011f\u0131 metanet m\u00fccadelesinde temel bir fakt\u00f6r olarak kimli\u011fe ba\u011fl\u0131 kalman\u0131n \u00f6nemini vurgulayan Cumhurba\u015fkan\u0131 Esad, \u00a0bu d\u00fc\u015fman\u0131n katliamlar\u0131na kar\u015f\u0131 direni\u015f se\u00e7ene\u011finin alt\u0131n\u0131 \u00e7izdi.<\/p>\n<p style=\"text-align: justify;\">Cumhurba\u015fkan\u0131 Esad Arap M\u00fchendisler Birli\u011fi heyetine hitap ederken de, t\u00fcm ac\u0131lara ra\u011fmen, \u0130srail \u00a0varl\u0131\u011f\u0131 toplumunun \u00e7e\u015fitli y\u00f6nlerden par\u00e7alanmas\u0131na kar\u015f\u0131n, Filistin toplumunun uyum, g\u00fc\u00e7 ve davas\u0131na olan inanc\u0131n\u0131n artt\u0131\u011f\u0131n\u0131 kaydetti.<\/p>\n<p style=\"text-align: justify;\">Adil El Hadisi \u00a0ba\u015fkanl\u0131\u011f\u0131ndaki heyetin \u00fcyeleri ise, kalk\u0131nma projeleri arac\u0131l\u0131\u011f\u0131yla ortak Arap eylemlerine sayg\u0131n\u0131n yeniden tesis edilmesi ve ortak deneyimler ve pratik ve ama\u00e7l\u0131 bir \u015fekilde uzmanl\u0131k al\u0131\u015fveri\u015fi yoluyla \u00e7abalar\u0131n ve kavramlar\u0131n birle\u015ftirilmesine yol a\u00e7an ba\u015far\u0131lar elde edilmesi ihtiyac\u0131n\u0131 vurgulad\u0131lar.<\/p>\n<div id='gallery-1' class='gallery galleryid-305447 gallery-columns-1 gallery-size-full'><figure class='gallery-item'>\n\t\t\t<div class='gallery-icon portrait'>\n\t\t\t\t<a href='https:\/\/archive.sana.sy\/tr\/?attachment_id=305450'><img loading=\"lazy\" decoding=\"async\" width=\"1200\" height=\"1362\" src=\"https:\/\/archive.sana.sy\/tr\/wp-content\/uploads\/2024\/07\/1-17.jpg\" class=\"attachment-full size-full\" alt=\"\" srcset=\"https:\/\/archive.sana.sy\/tr\/wp-content\/uploads\/2024\/07\/1-17.jpg 1200w, https:\/\/archive.sana.sy\/tr\/wp-content\/uploads\/2024\/07\/1-17-264x300.jpg 264w, https:\/\/archive.sana.sy\/tr\/wp-content\/uploads\/2024\/07\/1-17-902x1024.jpg 902w, https:\/\/archive.sana.sy\/tr\/wp-content\/uploads\/2024\/07\/1-17-768x872.jpg 768w\" sizes=\"auto, (max-width: 1200px) 100vw, 1200px\" \/><\/a>\n\t\t\t<\/div><\/figure><figure class='gallery-item'>\n\t\t\t<div class='gallery-icon landscape'>\n\t\t\t\t<a href='https:\/\/archive.sana.sy\/tr\/?attachment_id=305452'><img loading=\"lazy\" decoding=\"async\" width=\"1200\" height=\"484\" src=\"https:\/\/archive.sana.sy\/tr\/wp-content\/uploads\/2024\/07\/2-11.jpg\" class=\"attachment-full size-full\" alt=\"\" srcset=\"https:\/\/archive.sana.sy\/tr\/wp-content\/uploads\/2024\/07\/2-11.jpg 1200w, https:\/\/archive.sana.sy\/tr\/wp-content\/uploads\/2024\/07\/2-11-300x121.jpg 300w, https:\/\/archive.sana.sy\/tr\/wp-content\/uploads\/2024\/07\/2-11-1024x413.jpg 1024w, https:\/\/archive.sana.sy\/tr\/wp-content\/uploads\/2024\/07\/2-11-768x310.jpg 768w\" sizes=\"auto, (max-width: 1200px) 100vw, 1200px\" \/><\/a>\n\t\t\t<\/div><\/figure><figure class='gallery-item'>\n\t\t\t<div class='gallery-icon landscape'>\n\t\t\t\t<a href='https:\/\/archive.sana.sy\/tr\/?attachment_id=305451'><img loading=\"lazy\" decoding=\"async\" width=\"1200\" height=\"402\" src=\"https:\/\/archive.sana.sy\/tr\/wp-content\/uploads\/2024\/07\/3-6.jpg\" class=\"attachment-full size-full\" alt=\"\" srcset=\"https:\/\/archive.sana.sy\/tr\/wp-content\/uploads\/2024\/07\/3-6.jpg 1200w, https:\/\/archive.sana.sy\/tr\/wp-content\/uploads\/2024\/07\/3-6-300x101.jpg 300w, https:\/\/archive.sana.sy\/tr\/wp-content\/uploads\/2024\/07\/3-6-1024x343.jpg 1024w, https:\/\/archive.sana.sy\/tr\/wp-content\/uploads\/2024\/07\/3-6-768x257.jpg 768w\" sizes=\"auto, (max-width: 1200px) 100vw, 1200px\" \/><\/a>\n\t\t\t<\/div><\/figure>\n\t\t<\/div>\n\n<p style=\"text-align: center;\"><strong><a href=\"https:\/\/t.me\/SuriyeArapHaberAjansI\">Telegram Kanal\u0131m\u0131z\u00a0<\/a><span style=\"color: #ff0000;\">||<\/span><a href=\"https:\/\/twitter.com\/arap_ajans\">X Platformumuz\u00a0<\/a><span style=\"color: #ff0000;\">||<\/span><a href=\"https:\/\/www.facebook.com\/SANAHaberAjansi\/\">Facebook Sayfam\u0131z<\/a><\/strong><\/p>\n","protected":false},"excerpt":{"rendered":"<p>\u015eAM (SANA) &#8211; Cumhurba\u015fkan\u0131 Be\u015f\u015far Esad, Arap \u00f6rg\u00fctlerinin ve birliklerinin sosyal ve geli\u015fimsel rol\u00fcn\u00fc ve ayn\u0131 de\u011ferleri ve \u00f6zlemleri payla\u015fan Arap toplumu i\u00e7inde etkili bir diyalog yaratmadaki \u00f6nemini vurgulad\u0131. Arap M\u00fchendisler Birli\u011fi heyetini kabul ederken Cumhurba\u015fkan\u0131 Esad, diyalo\u011fun, \u00f6zellikle de sosyal diyalo\u011fun etkinle\u015ftirilmesinin \u00f6nemini vurgulayarak, \u2018\u2019\u00c7\u00fcnk\u00fc toplum, uygulamadan yoksun ideolojiden uzak, her \u015feyin temelidir\u2019\u2019 ifadelerini &hellip;<\/p>\n","protected":false},"author":41,"featured_media":305449,"comment_status":"closed","ping_status":"closed","sticky":false,"template":"","format":"standard","meta":{"footnotes":""},"categories":[606,6459,605],"tags":[41992,38219,19043,38641],"class_list":["post-305447","post","type-post","status-publish","format-standard","has-post-thumbnail","","category-cumhurbaskani","category-sana-fotolarl","category-sayin-cumhurbaskani","tag-arap-muhendisler-birligi-heyetine-arap-orgutlerinin-ve-birliklerinin-sosyal-ve-gelisimsel-rolunu-vurguladi","tag-cumhurbaskani-esad","tag-suriyede-son-durum","tag-suriyede-son-gelimeler"],"_links":{"self":[{"href":"https:\/\/archive.sana.sy\/tr\/index.php?rest_route=\/wp\/v2\/posts\/305447","targetHints":{"allow":["GET"]}}],"collection":[{"href":"https:\/\/archive.sana.sy\/tr\/index.php?rest_route=\/wp\/v2\/posts"}],"about":[{"href":"https:\/\/archive.sana.sy\/tr\/index.php?rest_route=\/wp\/v2\/types\/post"}],"author":[{"embeddable":true,"href":"https:\/\/archive.sana.sy\/tr\/index.php?rest_route=\/wp\/v2\/users\/41"}],"replies":[{"embeddable":true,"href":"https:\/\/archive.sana.sy\/tr\/index.php?rest_route=%2Fwp%2Fv2%2Fcomments&post=305447"}],"version-history":[{"count":1,"href":"https:\/\/archive.sana.sy\/tr\/index.php?rest_route=\/wp\/v2\/posts\/305447\/revisions"}],"predecessor-version":[{"id":305453,"href":"https:\/\/archive.sana.sy\/tr\/index.php?rest_route=\/wp\/v2\/posts\/305447\/revisions\/305453"}],"wp:featuredmedia":[{"embeddable":true,"href":"https:\/\/archive.sana.sy\/tr\/index.php?rest_route=\/wp\/v2\/media\/305449"}],"wp:attachment":[{"href":"https:\/\/archive.sana.sy\/tr\/index.php?rest_route=%2Fwp%2Fv2%2Fmedia&parent=305447"}],"wp:term":[{"taxonomy":"category","embeddable":true,"href":"https:\/\/archive.sana.sy\/tr\/index.php?rest_route=%2Fwp%2Fv2%2Fcategories&post=305447"},{"taxonomy":"post_tag","embeddable":true,"href":"https:\/\/archive.sana.sy\/tr\/index.php?rest_route=%2Fwp%2Fv2%2Ftags&post=305447"}],"curies":[{"name":"wp","href":"https:\/\/api.w.org\/{rel}","templated":true}]}}