{"id":305454,"date":"2024-07-22T16:46:07","date_gmt":"2024-07-22T13:46:07","guid":{"rendered":"https:\/\/sana.sy\/tr\/?p=305454"},"modified":"2024-07-27T08:56:54","modified_gmt":"2024-07-27T05:56:54","slug":"icisleri-bakani-suriye-uyusturucuyla-mucadelede-etkin-rol-oynuyor-ve-herkesle-isbirligine-aciktir","status":"publish","type":"post","link":"https:\/\/archive.sana.sy\/tr\/?p=305454","title":{"rendered":"\u0130\u00e7i\u015fleri Bakan\u0131: Suriye Uyu\u015fturucuyla M\u00fccadelede Etkin Rol Oynuyor Ve Herkesle \u0130\u015fbirli\u011fine A\u00e7\u0131kt\u0131r"},"content":{"rendered":"<p style=\"text-align: justify;\"><strong>BA\u011eDAT (SANA)<\/strong> &#8211; \u0130\u00e7i\u015fleri Bakan\u0131 T\u00fcmgeneral Muhammed Rahmun, Suriye&#8217;nin uyu\u015fturucu pazarl\u0131\u011f\u0131 ve ka\u00e7ak\u00e7\u0131l\u0131\u011f\u0131yla m\u00fccadelede etkin bir rol oynad\u0131\u011f\u0131n\u0131 do\u011frulayarak, ter\u00f6rist gruplar\u0131n s\u0131n\u0131rlarda yay\u0131lmas\u0131 ve uyu\u015fturucu pazarl\u0131\u011f\u0131 ve ka\u00e7ak\u00e7\u0131l\u0131\u011f\u0131 operasyonlar\u0131n\u0131 finansman ara\u00e7lar\u0131ndan biri olarak uygulamalar\u0131 \u0131\u015f\u0131\u011f\u0131nda b\u00f6lge \u00fclkeleri aras\u0131nda i\u015fbirli\u011finin \u00f6nemini vurgulad\u0131.<\/p>\n<p style=\"text-align: justify;\"><img loading=\"lazy\" decoding=\"async\" class=\"size-full wp-image-305456 alignright\" src=\"http:\/\/sana.sy\/tr\/wp-content\/uploads\/2024\/07\/photo_2024-07-22_15-35-14-300x169-1.jpg\" alt=\"\" width=\"300\" height=\"169\" \/>T\u00fcmgeneral Rahmun, \u0130kinci Ba\u011fdat Uluslararas\u0131 Uyu\u015fturucu Kontrol\u00fc Konferans\u0131&#8217;n\u0131n a\u00e7\u0131l\u0131\u015f oturumunda yapt\u0131\u011f\u0131 konu\u015fmada \u015funlar\u0131 s\u00f6yledi: \u201cSuriye, ulusal, vatansever ve insani sorumlulu\u011funa dayanarak, uluslararas\u0131 toplumun genel olarak su\u00e7la, \u00f6zel olarak da uyu\u015fturucu ka\u00e7ak\u00e7\u0131l\u0131\u011f\u0131yla m\u00fccadele \u00e7abalar\u0131n\u0131 desteklemede \u00f6nemli ve \u00f6ne \u00e7\u0131kan bir rol oynam\u0131\u015ft\u0131r ve oynamaya devam etmektedir. Uyu\u015fturucu belas\u0131yla m\u00fccadelede uluslararas\u0131 ve b\u00f6lgesel \u00e7abalarla verimli i\u015fbirli\u011finin gerektirdi\u011fi her \u015feyi yapmaya kararl\u0131d\u0131r.&#8221;<\/p>\n<p style=\"text-align: justify;\">T\u00fcmgenral Rahmun konu\u015fmas\u0131nda, Suriye&#8217;nin bu konferansa kat\u0131l\u0131m\u0131n\u0131n, bu tehlikeli ve y\u0131k\u0131c\u0131 belan\u0131n bireysel ve toplumsal d\u00fczeylerde y\u00fczle\u015fmeye y\u00f6nelik etkin taahh\u00fcd\u00fcn\u00fcn bir onay\u0131n\u0131 olu\u015fturdu\u011funu belirtti.<\/p>\n<p style=\"text-align: justify;\">\u0130\u00e7i\u015fleri Bakan\u0131 ayr\u0131ca, ge\u00e7en y\u0131l d\u00fczenlenen ilk Ba\u011fdat Uluslararas\u0131 Konferans\u0131 ve bu y\u0131l\u0131n \u015eubat ay\u0131nda Amman&#8217;da d\u00fczenlenen D\u00f6rtl\u00fc toplant\u0131s\u0131n\u0131n ard\u0131ndan ba\u015fta Irak ve \u00dcrd\u00fcn olmak \u00fczere kom\u015fu \u00fclkelerle y\u00fcr\u00fct\u00fclen i\u015fbirli\u011fi ve koordinasyon \u00e7al\u0131\u015fmalar\u0131n\u0131n bir dizi sonucunu sundu.<\/p>\n<p style=\"text-align: justify;\">Bakan Rahmun, Suriye&#8217;nin, i\u015fbirli\u011fi ve koordinasyonun t\u00fcm b\u00f6lge \u00fclkeleri d\u00fczeyinde olmas\u0131 y\u00f6n\u00fcndeki umudunu ve \u00e7abas\u0131n\u0131 dile getirerek, \u00f6zellikle herkesin bu kanaat ve iradeye sahip oldu\u011funu, dolay\u0131s\u0131yla do\u011fal yolun i\u015fbirli\u011fi ve koordinasyonun g\u00fc\u00e7lendirilmesi oldu\u011funu da ifade etti.<\/p>\n<p style=\"text-align: justify;\">Suriye&#8217;de devam eden operasyonel kontrol \u00e7al\u0131\u015fmalar\u0131n\u0131n, uyu\u015fturucu madde ka\u00e7ak\u00e7\u0131l\u0131\u011f\u0131 su\u00e7lar\u0131na, bunlar\u0131n ka\u00e7ak\u00e7\u0131lar\u0131na ve destek\u00e7ilerine y\u00f6nelik kat\u0131 bir yasal yakla\u015f\u0131ma dayand\u0131\u011f\u0131na dikkat \u00e7eken T\u00fcmgeneral Rahmun, ele ge\u00e7irilen b\u00fcy\u00fck miktarlar\u0131n b\u00fcy\u00fck \u00e7o\u011funlu\u011funun s\u0131n\u0131r b\u00f6lgelerinde gizli saklanma yerlerinde ele ge\u00e7irildi\u011fini ve Suriye topraklar\u0131ndan g\u00f6nderilmeye haz\u0131rland\u0131\u011f\u0131n\u0131 kaydetti.<\/p>\n<p style=\"text-align: justify;\">Bakan Rahmun konu\u015fmas\u0131n\u0131, Suriye&#8217;nin uyu\u015fturucu ka\u00e7ak\u00e7\u0131l\u0131\u011f\u0131 su\u00e7lar\u0131yla m\u00fccadelede etkin kararl\u0131l\u0131\u011f\u0131n\u0131 ve i\u015fbirli\u011fini, bu ama\u00e7la herkesle koordinasyon ve i\u015fbirli\u011fine, bu belayla m\u00fccadele etmek ve yay\u0131lmas\u0131n\u0131 \u00f6nlemek i\u00e7in bilgi, uzmanl\u0131k, hukuki ve teknik yard\u0131m al\u0131\u015fveri\u015finde bulunmaya a\u00e7\u0131k oldu\u011funu yineleyerek tamamlad\u0131.<\/p>\n<p style=\"text-align: center;\"><strong><a href=\"https:\/\/t.me\/SuriyeArapHaberAjansI\">Telegram Kanal\u0131m\u0131z\u00a0<\/a>||<a href=\"https:\/\/twitter.com\/arap_ajans\">X Platformumuz\u00a0<\/a>||<a href=\"https:\/\/www.facebook.com\/SANAHaberAjansi\/\">Facebook Sayfam\u0131z<\/a><\/strong><\/p>\n","protected":false},"excerpt":{"rendered":"<p>BA\u011eDAT (SANA) &#8211; \u0130\u00e7i\u015fleri Bakan\u0131 T\u00fcmgeneral Muhammed Rahmun, Suriye&#8217;nin uyu\u015fturucu pazarl\u0131\u011f\u0131 ve ka\u00e7ak\u00e7\u0131l\u0131\u011f\u0131yla m\u00fccadelede etkin bir rol oynad\u0131\u011f\u0131n\u0131 do\u011frulayarak, ter\u00f6rist gruplar\u0131n s\u0131n\u0131rlarda yay\u0131lmas\u0131 ve uyu\u015fturucu pazarl\u0131\u011f\u0131 ve ka\u00e7ak\u00e7\u0131l\u0131\u011f\u0131 operasyonlar\u0131n\u0131 finansman ara\u00e7lar\u0131ndan biri olarak uygulamalar\u0131 \u0131\u015f\u0131\u011f\u0131nda b\u00f6lge \u00fclkeleri aras\u0131nda i\u015fbirli\u011finin \u00f6nemini vurgulad\u0131. T\u00fcmgeneral Rahmun, \u0130kinci Ba\u011fdat Uluslararas\u0131 Uyu\u015fturucu Kontrol\u00fc Konferans\u0131&#8217;n\u0131n a\u00e7\u0131l\u0131\u015f oturumunda yapt\u0131\u011f\u0131 konu\u015fmada \u015funlar\u0131 s\u00f6yledi: &hellip;<\/p>\n","protected":false},"author":41,"featured_media":305455,"comment_status":"closed","ping_status":"closed","sticky":false,"template":"","format":"standard","meta":{"footnotes":""},"categories":[458,459,17988],"tags":[41993,41994,41995],"class_list":["post-305454","post","type-post","status-publish","format-standard","has-post-thumbnail","","category-dunya1","category-haberler-arap-uluslararasi-politika","category-son-haberler","tag-icisleri-bakani-suriye-uyusturucuyla-mucadelede-etkin-rol-oynuyor-ve-herkesle-isbirligine-aciktir","tag-suriyede-uyusturucu-ile-mucadele","tag-suriyede-uyusturucu-inleri"],"_links":{"self":[{"href":"https:\/\/archive.sana.sy\/tr\/index.php?rest_route=\/wp\/v2\/posts\/305454","targetHints":{"allow":["GET"]}}],"collection":[{"href":"https:\/\/archive.sana.sy\/tr\/index.php?rest_route=\/wp\/v2\/posts"}],"about":[{"href":"https:\/\/archive.sana.sy\/tr\/index.php?rest_route=\/wp\/v2\/types\/post"}],"author":[{"embeddable":true,"href":"https:\/\/archive.sana.sy\/tr\/index.php?rest_route=\/wp\/v2\/users\/41"}],"replies":[{"embeddable":true,"href":"https:\/\/archive.sana.sy\/tr\/index.php?rest_route=%2Fwp%2Fv2%2Fcomments&post=305454"}],"version-history":[{"count":1,"href":"https:\/\/archive.sana.sy\/tr\/index.php?rest_route=\/wp\/v2\/posts\/305454\/revisions"}],"predecessor-version":[{"id":305457,"href":"https:\/\/archive.sana.sy\/tr\/index.php?rest_route=\/wp\/v2\/posts\/305454\/revisions\/305457"}],"wp:featuredmedia":[{"embeddable":true,"href":"https:\/\/archive.sana.sy\/tr\/index.php?rest_route=\/wp\/v2\/media\/305455"}],"wp:attachment":[{"href":"https:\/\/archive.sana.sy\/tr\/index.php?rest_route=%2Fwp%2Fv2%2Fmedia&parent=305454"}],"wp:term":[{"taxonomy":"category","embeddable":true,"href":"https:\/\/archive.sana.sy\/tr\/index.php?rest_route=%2Fwp%2Fv2%2Fcategories&post=305454"},{"taxonomy":"post_tag","embeddable":true,"href":"https:\/\/archive.sana.sy\/tr\/index.php?rest_route=%2Fwp%2Fv2%2Ftags&post=305454"}],"curies":[{"name":"wp","href":"https:\/\/api.w.org\/{rel}","templated":true}]}}