{"id":305458,"date":"2024-07-22T17:42:46","date_gmt":"2024-07-22T14:42:46","guid":{"rendered":"https:\/\/sana.sy\/tr\/?p=305458"},"modified":"2024-07-24T11:48:45","modified_gmt":"2024-07-24T08:48:45","slug":"cumhurbaskani-esad-haci-ile-yaptigi-gorusmede-suriye-ile-iran-arasindaki-iliskilerin-derinligini-vurguladi","status":"publish","type":"post","link":"https:\/\/archive.sana.sy\/tr\/?p=305458","title":{"rendered":"Cumhurba\u015fkan\u0131 Esad, Haci \u0130le Yapt\u0131\u011f\u0131 G\u00f6r\u00fc\u015fmede Suriye \u0130le \u0130ran Aras\u0131ndaki \u0130li\u015fkilerin Derinli\u011fini Vurgulad\u0131"},"content":{"rendered":"<p style=\"text-align: justify;\"><strong>\u015eAM (SANA)<\/strong> &#8211; Cumhurba\u015fkan\u0131 Be\u015f\u015far Esad, \u0130ran D\u0131\u015fi\u015fleri Bakan\u0131&#8217;n\u0131n \u00d6zel Siyasi \u0130\u015fler Ba\u015fdan\u0131\u015fman\u0131 Ali As\u011far Haci ve beraberindeki heyeti kabul etti.<\/p>\n<p style=\"text-align: justify;\">Cumhurba\u015fkan\u0131 Esad, Suriye ile \u0130ran aras\u0131ndaki ili\u015fkilerin derinli\u011fini ve aralar\u0131nda \u00e7e\u015fitli alanlardaki i\u015fbirli\u011fi ve koordinasyonun g\u00fc\u00e7lendi\u011fini vurgulad\u0131.<\/p>\n<p style=\"text-align: justify;\">Haci, D\u0131\u015fi\u015fleri ve Gurbet\u00e7iler Bakan\u0131 Faysal Mikdad ve Bakan Yard\u0131mc\u0131s\u0131 Bessam Sabba\u011f ile bir araya gelerek, ikili ili\u015fkiler ile b\u00f6lgesel ve uluslararas\u0131 durumdaki geli\u015fmeleri ele alm\u0131\u015ft\u0131.<\/p>\n<p style=\"text-align: justify;\">Ger\u00e7ekle\u015fen g\u00f6r\u00fc\u015fmede, Suriye ile \u0130ran aras\u0131ndaki ili\u015fkilerin g\u00fc\u00e7lendirilmesi ve iki dost \u00fclkenin ortak \u00e7\u0131karlar\u0131n\u0131n g\u00f6zetilmesi ve b\u00f6lgeye istikrar\u0131n getirilmesi i\u00e7in koordinasyonun s\u00fcrd\u00fcr\u00fclmesinin \u00f6nemi vurguland\u0131.<\/p>\n<p style=\"text-align: justify;\">Gazetecilere yapt\u0131\u011f\u0131 a\u00e7\u0131klamada Haci, Suriye ziyaretinin b\u00f6lgedeki, \u00f6zellikle ikili ili\u015fkilerle ilgili konular\u0131 ve gelecekteki gidi\u015fat\u0131n\u0131 belirlemek \u00fczere m\u00fczakere ve iceleme turlar\u0131 kapsam\u0131nda ger\u00e7ekle\u015fti\u011fini a\u00e7\u0131klayarak, Mikdad ile yap\u0131lan g\u00f6r\u00fc\u015fmelerin, iki \u00fclke aras\u0131ndaki ili\u015fkilerin g\u00fc\u00e7lendirilmesi amac\u0131yla ikili ve b\u00f6lgesel konular\u0131n ortak de\u011ferlendirilmesi ve bunlara ili\u015fkin hedeflerin belirlenmesi \u00fczerinde yo\u011funla\u015ft\u0131\u011f\u0131na dikkati \u00e7ekti.<\/p>\n<p style=\"text-align: justify;\">Haci, \u00fclkesindeki yeni h\u00fck\u00fcmetin bu ili\u015fkileri her alanda g\u00fc\u00e7lendirecek irade ve kararl\u0131l\u0131\u011fa sahip oldu\u011funu vurgularken,\u00a0 \u2018\u2019Bu, Cumhurba\u015fkan\u0131 Be\u015f\u015far Esad ile \u0130ran&#8217;\u0131n se\u00e7ilmi\u015f cumhurba\u015fkan\u0131 Mesud Peze\u015fkiyan aras\u0131nda ger\u00e7ekle\u015fen telefon g\u00f6r\u00fc\u015fmesinde do\u011fruland\u0131\u2019\u2019 dedii.<\/p>\n<p style=\"text-align: justify;\">Haci ayr\u0131ca, Belirlenen takvim ve iki \u00fclke aras\u0131nda daha \u00f6nce imzalanan anla\u015fmalar do\u011frultusunda bu ili\u015fkilerin g\u00fc\u00e7lenmesinin devam etti\u011fine i\u015faret etti.<\/p>\n<p style=\"text-align: center;\"><strong><a href=\"https:\/\/t.me\/SuriyeArapHaberAjansI\">Telegram Kanal\u0131m\u0131z\u00a0<\/a><span style=\"color: #ff0000;\">||<\/span><a href=\"https:\/\/twitter.com\/arap_ajans\">X Platformumuz\u00a0<\/a><span style=\"color: #ff0000;\">||<\/span><a href=\"https:\/\/www.facebook.com\/SANAHaberAjansi\/\">Facebook Sayfam\u0131z<\/a><\/strong><\/p>\n<div id='gallery-1' class='gallery galleryid-305458 gallery-columns-1 gallery-size-full'><figure class='gallery-item'>\n\t\t\t<div class='gallery-icon landscape'>\n\t\t\t\t<a href='https:\/\/archive.sana.sy\/tr\/wp-content\/uploads\/2024\/07\/DSC08961-1.jpg'><img loading=\"lazy\" decoding=\"async\" width=\"1200\" height=\"600\" src=\"https:\/\/archive.sana.sy\/tr\/wp-content\/uploads\/2024\/07\/DSC08961-1.jpg\" class=\"attachment-full size-full\" alt=\"\" srcset=\"https:\/\/archive.sana.sy\/tr\/wp-content\/uploads\/2024\/07\/DSC08961-1.jpg 1200w, https:\/\/archive.sana.sy\/tr\/wp-content\/uploads\/2024\/07\/DSC08961-1-300x150.jpg 300w, https:\/\/archive.sana.sy\/tr\/wp-content\/uploads\/2024\/07\/DSC08961-1-1024x512.jpg 1024w, https:\/\/archive.sana.sy\/tr\/wp-content\/uploads\/2024\/07\/DSC08961-1-768x384.jpg 768w, https:\/\/archive.sana.sy\/tr\/wp-content\/uploads\/2024\/07\/DSC08961-1-660x330.jpg 660w, https:\/\/archive.sana.sy\/tr\/wp-content\/uploads\/2024\/07\/DSC08961-1-1050x525.jpg 1050w\" sizes=\"auto, (max-width: 1200px) 100vw, 1200px\" \/><\/a>\n\t\t\t<\/div><\/figure>\n\t\t<\/div>\n\n<p>&nbsp;<\/p>\n","protected":false},"excerpt":{"rendered":"<p>\u015eAM (SANA) &#8211; Cumhurba\u015fkan\u0131 Be\u015f\u015far Esad, \u0130ran D\u0131\u015fi\u015fleri Bakan\u0131&#8217;n\u0131n \u00d6zel Siyasi \u0130\u015fler Ba\u015fdan\u0131\u015fman\u0131 Ali As\u011far Haci ve beraberindeki heyeti kabul etti. Cumhurba\u015fkan\u0131 Esad, Suriye ile \u0130ran aras\u0131ndaki ili\u015fkilerin derinli\u011fini ve aralar\u0131nda \u00e7e\u015fitli alanlardaki i\u015fbirli\u011fi ve koordinasyonun g\u00fc\u00e7lendi\u011fini vurgulad\u0131. Haci, D\u0131\u015fi\u015fleri ve Gurbet\u00e7iler Bakan\u0131 Faysal Mikdad ve Bakan Yard\u0131mc\u0131s\u0131 Bessam Sabba\u011f ile bir araya gelerek, ikili &hellip;<\/p>\n","protected":false},"author":41,"featured_media":305481,"comment_status":"closed","ping_status":"closed","sticky":false,"template":"","format":"standard","meta":{"footnotes":""},"categories":[606,6459,605],"tags":[38219,41996,41997],"class_list":["post-305458","post","type-post","status-publish","format-standard","has-post-thumbnail","","category-cumhurbaskani","category-sana-fotolarl","category-sayin-cumhurbaskani","tag-cumhurbaskani-esad","tag-haci-ile-yaptigi-gorusmede-suriye-ile-iran-arasindaki-iliskilerin-derinligini-vurguladi","tag-suriye-ve-iran-aeasindaki-iliskiler"],"_links":{"self":[{"href":"https:\/\/archive.sana.sy\/tr\/index.php?rest_route=\/wp\/v2\/posts\/305458","targetHints":{"allow":["GET"]}}],"collection":[{"href":"https:\/\/archive.sana.sy\/tr\/index.php?rest_route=\/wp\/v2\/posts"}],"about":[{"href":"https:\/\/archive.sana.sy\/tr\/index.php?rest_route=\/wp\/v2\/types\/post"}],"author":[{"embeddable":true,"href":"https:\/\/archive.sana.sy\/tr\/index.php?rest_route=\/wp\/v2\/users\/41"}],"replies":[{"embeddable":true,"href":"https:\/\/archive.sana.sy\/tr\/index.php?rest_route=%2Fwp%2Fv2%2Fcomments&post=305458"}],"version-history":[{"count":8,"href":"https:\/\/archive.sana.sy\/tr\/index.php?rest_route=\/wp\/v2\/posts\/305458\/revisions"}],"predecessor-version":[{"id":305501,"href":"https:\/\/archive.sana.sy\/tr\/index.php?rest_route=\/wp\/v2\/posts\/305458\/revisions\/305501"}],"wp:featuredmedia":[{"embeddable":true,"href":"https:\/\/archive.sana.sy\/tr\/index.php?rest_route=\/wp\/v2\/media\/305481"}],"wp:attachment":[{"href":"https:\/\/archive.sana.sy\/tr\/index.php?rest_route=%2Fwp%2Fv2%2Fmedia&parent=305458"}],"wp:term":[{"taxonomy":"category","embeddable":true,"href":"https:\/\/archive.sana.sy\/tr\/index.php?rest_route=%2Fwp%2Fv2%2Fcategories&post=305458"},{"taxonomy":"post_tag","embeddable":true,"href":"https:\/\/archive.sana.sy\/tr\/index.php?rest_route=%2Fwp%2Fv2%2Ftags&post=305458"}],"curies":[{"name":"wp","href":"https:\/\/api.w.org\/{rel}","templated":true}]}}