{"id":305461,"date":"2024-07-22T10:50:27","date_gmt":"2024-07-22T07:50:27","guid":{"rendered":"https:\/\/sana.sy\/tr\/?p=305461"},"modified":"2024-07-23T09:17:17","modified_gmt":"2024-07-23T06:17:17","slug":"parkurdaki-ilk-arap-sampiyonasinda-suriyeye-altin-ve-gumus-madalya","status":"publish","type":"post","link":"https:\/\/archive.sana.sy\/tr\/?p=305461","title":{"rendered":"Parkurdaki \u0130lk Arap \u015eampiyonas\u0131nda Suriye&#8217;ye Alt\u0131n Ve G\u00fcm\u00fc\u015f Madalya"},"content":{"rendered":"<p style=\"text-align: justify;\"><strong>AMMAN (SANA)<\/strong> &#8211; Suriye parkur tak\u0131m\u0131, \u00dcrd\u00fcn&#8217;de ger\u00e7ekle\u015ftirilen ilk Arap Parkur \u015eampiyonas\u0131&#8217;nda alt\u0131n ve g\u00fcm\u00fc\u015f madalya kazand\u0131.<\/p>\n<p style=\"text-align: justify;\">Ayr\u0131nt\u0131l\u0131 olarak, h\u0131z yar\u0131\u015fmas\u0131nda alt\u0131n madalya Muhammad El Barga\u015f&#8217;a gelirken, serbest stil yar\u0131\u015fmas\u0131nda Andre Semaan g\u00fcm\u00fc\u015f madalya kazand\u0131.<\/p>\n<p style=\"text-align: justify;\">Wisam El Abid s\u00fcratte d\u00f6rd\u00fcnc\u00fc, serbest stilde ise alt\u0131nc\u0131 oldu.<\/p>\n<p>&nbsp;<\/p>\n<div id='gallery-1' class='gallery galleryid-305461 gallery-columns-1 gallery-size-full'><figure class='gallery-item'>\n\t\t\t<div class='gallery-icon landscape'>\n\t\t\t\t<a href='https:\/\/archive.sana.sy\/tr\/?attachment_id=305462'><img loading=\"lazy\" decoding=\"async\" width=\"300\" height=\"177\" src=\"https:\/\/archive.sana.sy\/tr\/wp-content\/uploads\/2024\/07\/photo_2024-07-22_16-33-51-300x177-1.jpg\" class=\"attachment-full size-full\" alt=\"\" \/><\/a>\n\t\t\t<\/div><\/figure>\n\t\t<\/div>\n\n<p style=\"text-align: center;\"><strong><a href=\"https:\/\/t.me\/SuriyeArapHaberAjansI\">Telegram Kanal\u0131m\u0131z\u00a0<\/a>||<a href=\"https:\/\/twitter.com\/arap_ajans\">X Platformumuz\u00a0<\/a>||<a href=\"https:\/\/www.facebook.com\/SANAHaberAjansi\/\">Facebook Sayfam\u0131z<\/a><\/strong><\/p>\n","protected":false},"excerpt":{"rendered":"<p>AMMAN (SANA) &#8211; Suriye parkur tak\u0131m\u0131, \u00dcrd\u00fcn&#8217;de ger\u00e7ekle\u015ftirilen ilk Arap Parkur \u015eampiyonas\u0131&#8217;nda alt\u0131n ve g\u00fcm\u00fc\u015f madalya kazand\u0131. Ayr\u0131nt\u0131l\u0131 olarak, h\u0131z yar\u0131\u015fmas\u0131nda alt\u0131n madalya Muhammad El Barga\u015f&#8217;a gelirken, serbest stil yar\u0131\u015fmas\u0131nda Andre Semaan g\u00fcm\u00fc\u015f madalya kazand\u0131. Wisam El Abid s\u00fcratte d\u00f6rd\u00fcnc\u00fc, serbest stilde ise alt\u0131nc\u0131 oldu. &nbsp; Telegram Kanal\u0131m\u0131z\u00a0||X Platformumuz\u00a0||Facebook Sayfam\u0131z<\/p>\n","protected":false},"author":41,"featured_media":305464,"comment_status":"closed","ping_status":"closed","sticky":false,"template":"","format":"standard","meta":{"footnotes":""},"categories":[1],"tags":[],"class_list":["post-305461","post","type-post","status-publish","format-standard","has-post-thumbnail","","category-news-not-sorted"],"_links":{"self":[{"href":"https:\/\/archive.sana.sy\/tr\/index.php?rest_route=\/wp\/v2\/posts\/305461","targetHints":{"allow":["GET"]}}],"collection":[{"href":"https:\/\/archive.sana.sy\/tr\/index.php?rest_route=\/wp\/v2\/posts"}],"about":[{"href":"https:\/\/archive.sana.sy\/tr\/index.php?rest_route=\/wp\/v2\/types\/post"}],"author":[{"embeddable":true,"href":"https:\/\/archive.sana.sy\/tr\/index.php?rest_route=\/wp\/v2\/users\/41"}],"replies":[{"embeddable":true,"href":"https:\/\/archive.sana.sy\/tr\/index.php?rest_route=%2Fwp%2Fv2%2Fcomments&post=305461"}],"version-history":[{"count":1,"href":"https:\/\/archive.sana.sy\/tr\/index.php?rest_route=\/wp\/v2\/posts\/305461\/revisions"}],"predecessor-version":[{"id":305463,"href":"https:\/\/archive.sana.sy\/tr\/index.php?rest_route=\/wp\/v2\/posts\/305461\/revisions\/305463"}],"wp:featuredmedia":[{"embeddable":true,"href":"https:\/\/archive.sana.sy\/tr\/index.php?rest_route=\/wp\/v2\/media\/305464"}],"wp:attachment":[{"href":"https:\/\/archive.sana.sy\/tr\/index.php?rest_route=%2Fwp%2Fv2%2Fmedia&parent=305461"}],"wp:term":[{"taxonomy":"category","embeddable":true,"href":"https:\/\/archive.sana.sy\/tr\/index.php?rest_route=%2Fwp%2Fv2%2Fcategories&post=305461"},{"taxonomy":"post_tag","embeddable":true,"href":"https:\/\/archive.sana.sy\/tr\/index.php?rest_route=%2Fwp%2Fv2%2Ftags&post=305461"}],"curies":[{"name":"wp","href":"https:\/\/api.w.org\/{rel}","templated":true}]}}