{"id":305482,"date":"2024-07-22T19:30:12","date_gmt":"2024-07-22T16:30:12","guid":{"rendered":"https:\/\/sana.sy\/tr\/?p=305482"},"modified":"2024-07-27T08:56:57","modified_gmt":"2024-07-27T05:56:57","slug":"buyukelci-dahhak-suriye-yerinden-edilmis-kisilerin-ve-multecilerin-geri-donusunu-kolaylastirmak-icin-cabalarini-surduruyor","status":"publish","type":"post","link":"https:\/\/archive.sana.sy\/tr\/?p=305482","title":{"rendered":"B\u00fcy\u00fckel\u00e7i Dahhak: Suriye, Yerinden Edilmi\u015f Ki\u015filerin Ve M\u00fcltecilerin Geri D\u00f6n\u00fc\u015f\u00fcn\u00fc Kolayla\u015ft\u0131rmak \u0130\u00e7in \u00c7abalar\u0131n\u0131 S\u00fcrd\u00fcr\u00fcyor"},"content":{"rendered":"<p style=\"text-align: justify;\"><strong>NEW YORK (SANA)<\/strong> &#8211; Suriye&#8217;nin Birle\u015fmi\u015f Milletler Daimi Temsilcisi B\u00fcy\u00fckel\u00e7i Kusey Dahhak, G\u00fcvenlik Konseyi oturumu s\u0131ras\u0131nda, Suriye&#8217;nin insani yard\u0131m ve kalk\u0131nma \u00e7al\u0131\u015fmalar\u0131ndaki ortaklara kolayl\u0131klar sa\u011flamaya devam etti\u011fini vurgulayarak,\u00a0 Suriye\u2019nin kuzeybat\u0131da hak etti\u011fi sivillere yard\u0131m ula\u015ft\u0131rma iste\u011fi nedeniyle Birle\u015fmi\u015f Milletler&#8217;in Bab El Hava s\u0131n\u0131r kap\u0131s\u0131n\u0131 kullanma iznini alt\u0131 ay daha yeniledi\u011fini kaydetti.<\/p>\n<p style=\"text-align: justify;\">B\u00fcy\u00fckel\u00e7i Dahhak yapt\u0131\u011f\u0131 konu\u015fmada, \u2018\u2019Suriye, yerinden edilmi\u015f ki\u015filerin ve m\u00fcltecilerin geri d\u00f6n\u00fc\u015f\u00fcn\u00fc kolayla\u015ft\u0131rmak i\u00e7in \u00e7abalar\u0131n\u0131 s\u00fcrd\u00fcr\u00fcyor. Y\u00fczlercesinin ge\u00e7ti\u011fimiz g\u00fcnlerde L\u00fcbnan&#8217;dan rahat bir ortamda geri d\u00f6nmesi, Bat\u0131&#8217;n\u0131n bu alandaki propagandas\u0131n\u0131n sahteli\u011fini ve inand\u0131r\u0131c\u0131l\u0131ktan uzakl\u0131\u011f\u0131n\u0131 bir kez daha kan\u0131tl\u0131yor\u2019\u2019 dedi.<\/p>\n<p style=\"text-align: justify;\">\u2018\u2019Suriye ile Birle\u015fmi\u015f Milletler aras\u0131ndaki mevcut i\u015fbirli\u011finin sonu\u00e7lar\u0131 h\u00e2l\u00e2 gerekli seviyenin alt\u0131nda\u2019\u2019 diyen Dahhak, \u2018\u2019Bunun nedeni Bat\u0131&#8217;n\u0131n yasad\u0131\u015f\u0131 askeri varl\u0131\u011f\u0131, milislere ve ter\u00f6r \u00f6rg\u00fctlerine verdi\u011fi destek ve milli serveti ya\u011fmalamas\u0131 yoluyla d\u00fc\u015fmanca tutumu ve uluslararas\u0131 hukuk ile \u015eart h\u00fck\u00fcmlerinin ihlalidir\u2019\u2019 ifadelerini kulland\u0131.<\/p>\n<p style=\"text-align: justify;\">Dahhak ayr\u0131ca, ESCWA Komitesi&#8217;nin Suriye&#8217;ye uygulanan zorlay\u0131c\u0131 \u00f6nlemlere ili\u015fkin son raporunun, bu \u00f6nlemlerin feci etkilerini ortaya \u00e7\u0131karmak ve bunlar\u0131 uygulayanlar taraf\u0131ndan \u00f6ne s\u00fcr\u00fclen iddialar\u0131 \u00e7\u00fcr\u00fctmek i\u00e7in ek bir ad\u0131m oldu\u011funu vurgulad\u0131.<\/p>\n<p style=\"text-align: justify;\">B\u00fcy\u00fckel\u00e7i Dahhak konu\u015fmas\u0131n\u0131 \u015fu ifadelerle tamamlad\u0131: \u2018\u2019 Suriye, zorlay\u0131c\u0131 tedbirlerin derhal ve tamamen kald\u0131r\u0131lmas\u0131 ve Birle\u015fmi\u015f Milletler&#8217;in finansman\u0131 y\u00fczde 20&#8217;yi a\u015fmayan insani m\u00fcdahale plan\u0131n\u0131 uygulayabilmesi i\u00e7in s\u00fcrd\u00fcr\u00fclebilir ve \u00f6ng\u00f6r\u00fclebilir finansman sa\u011flanmas\u0131 y\u00f6n\u00fcndeki talebini yineliyor.\u2019\u2019<\/p>\n<p style=\"text-align: center;\"><strong><a href=\"https:\/\/t.me\/SuriyeArapHaberAjansI\">Telegram Kanal\u0131m\u0131z\u00a0<\/a>||<a href=\"https:\/\/twitter.com\/arap_ajans\">X Platformumuz\u00a0<\/a>||<a href=\"https:\/\/www.facebook.com\/SANAHaberAjansi\/\">Facebook Sayfam\u0131z<\/a><\/strong><\/p>\n","protected":false},"excerpt":{"rendered":"<p>NEW YORK (SANA) &#8211; Suriye&#8217;nin Birle\u015fmi\u015f Milletler Daimi Temsilcisi B\u00fcy\u00fckel\u00e7i Kusey Dahhak, G\u00fcvenlik Konseyi oturumu s\u0131ras\u0131nda, Suriye&#8217;nin insani yard\u0131m ve kalk\u0131nma \u00e7al\u0131\u015fmalar\u0131ndaki ortaklara kolayl\u0131klar sa\u011flamaya devam etti\u011fini vurgulayarak,\u00a0 Suriye\u2019nin kuzeybat\u0131da hak etti\u011fi sivillere yard\u0131m ula\u015ft\u0131rma iste\u011fi nedeniyle Birle\u015fmi\u015f Milletler&#8217;in Bab El Hava s\u0131n\u0131r kap\u0131s\u0131n\u0131 kullanma iznini alt\u0131 ay daha yeniledi\u011fini kaydetti. B\u00fcy\u00fckel\u00e7i Dahhak yapt\u0131\u011f\u0131 konu\u015fmada, &hellip;<\/p>\n","protected":false},"author":41,"featured_media":305483,"comment_status":"closed","ping_status":"closed","sticky":false,"template":"","format":"standard","meta":{"footnotes":""},"categories":[458,459,17988],"tags":[41197,42000,41999],"class_list":["post-305482","post","type-post","status-publish","format-standard","has-post-thumbnail","","category-dunya1","category-haberler-arap-uluslararasi-politika","category-son-haberler","tag-buyukelci-dahhak-suriye","tag-suriyeli-multecilerini-suriyeye-geri-donusu-basladi","tag-yerinden-edilmis-kisilerin-ve-multecilerin-geri-donusunu-kolaylastirmak-icin-cabalarini-surduruyor"],"_links":{"self":[{"href":"https:\/\/archive.sana.sy\/tr\/index.php?rest_route=\/wp\/v2\/posts\/305482","targetHints":{"allow":["GET"]}}],"collection":[{"href":"https:\/\/archive.sana.sy\/tr\/index.php?rest_route=\/wp\/v2\/posts"}],"about":[{"href":"https:\/\/archive.sana.sy\/tr\/index.php?rest_route=\/wp\/v2\/types\/post"}],"author":[{"embeddable":true,"href":"https:\/\/archive.sana.sy\/tr\/index.php?rest_route=\/wp\/v2\/users\/41"}],"replies":[{"embeddable":true,"href":"https:\/\/archive.sana.sy\/tr\/index.php?rest_route=%2Fwp%2Fv2%2Fcomments&post=305482"}],"version-history":[{"count":2,"href":"https:\/\/archive.sana.sy\/tr\/index.php?rest_route=\/wp\/v2\/posts\/305482\/revisions"}],"predecessor-version":[{"id":305485,"href":"https:\/\/archive.sana.sy\/tr\/index.php?rest_route=\/wp\/v2\/posts\/305482\/revisions\/305485"}],"wp:featuredmedia":[{"embeddable":true,"href":"https:\/\/archive.sana.sy\/tr\/index.php?rest_route=\/wp\/v2\/media\/305483"}],"wp:attachment":[{"href":"https:\/\/archive.sana.sy\/tr\/index.php?rest_route=%2Fwp%2Fv2%2Fmedia&parent=305482"}],"wp:term":[{"taxonomy":"category","embeddable":true,"href":"https:\/\/archive.sana.sy\/tr\/index.php?rest_route=%2Fwp%2Fv2%2Fcategories&post=305482"},{"taxonomy":"post_tag","embeddable":true,"href":"https:\/\/archive.sana.sy\/tr\/index.php?rest_route=%2Fwp%2Fv2%2Ftags&post=305482"}],"curies":[{"name":"wp","href":"https:\/\/api.w.org\/{rel}","templated":true}]}}