{"id":305490,"date":"2024-07-23T09:06:29","date_gmt":"2024-07-23T06:06:29","guid":{"rendered":"https:\/\/sana.sy\/tr\/?p=305490"},"modified":"2024-07-27T08:57:03","modified_gmt":"2024-07-27T05:57:03","slug":"suriyeli-milli-takimi-ilk-arap-parkur-sampiyonasinda-altin-ve-gumus-madalya-kazandi","status":"publish","type":"post","link":"https:\/\/archive.sana.sy\/tr\/?p=305490","title":{"rendered":"Suriyeli Milli Tak\u0131m\u0131, \u0130lk Arap Parkur \u015eampiyonas\u0131nda Alt\u0131n Ve G\u00fcm\u00fc\u015f Madalya Kazand\u0131"},"content":{"rendered":"<p style=\"text-align: justify;\"><strong>AMMAN (SANA) \u2013 <\/strong>Suriyeli parkur tak\u0131m\u0131, \u00dcrd\u00fcn&#8217;de ger\u00e7ekle\u015ftirilen ilk Arap Parkur \u015eampiyonas\u0131&#8217;nda alt\u0131n ve g\u00fcm\u00fc\u015f madalya kazand\u0131.<\/p>\n<p style=\"text-align: justify;\">Muhammed Bar\u011fa\u015f, H\u0131z yar\u0131\u015fmas\u0131nda alt\u0131n madalyay\u0131, Andre Semaan serbest stil yar\u0131\u015fmas\u0131nda ise g\u00fcm\u00fc\u015f madalyay\u0131<img loading=\"lazy\" decoding=\"async\" class=\"size-full wp-image-305499 alignright\" src=\"http:\/\/sana.sy\/tr\/wp-content\/uploads\/2024\/07\/photo_2024-07-22_16-33-51-300x177-3.jpg\" alt=\"\" width=\"300\" height=\"177\" \/> kazand\u0131.<\/p>\n<p style=\"text-align: justify;\">Oyuncu Vissam El Abid, h\u0131zda d\u00f6rd\u00fcnc\u00fc, Serbest Stilde ise alt\u0131nc\u0131 oldu.<\/p>\n<p style=\"text-align: justify;\">\u015eampiyonaya Suriye, \u00dcrd\u00fcn, M\u0131s\u0131r, Cezayir, El Ma\u011freb, Suudi Arabistan, Filistin, Sudan ve Yemen olmak \u00fczere 9 Arap \u00fclkesinden 36 oyuncunun kat\u0131ld\u0131\u011f\u0131 belirtildi.<\/p>\n<p>&nbsp;<\/p>\n<p style=\"text-align: center;\"><strong><a href=\"https:\/\/t.me\/SuriyeArapHaberAjansI\">Telegram Kanal\u0131m\u0131z\u00a0<\/a>||<a href=\"https:\/\/twitter.com\/arap_ajans\">X Platformumuz\u00a0<\/a>||<a href=\"https:\/\/www.facebook.com\/SANAHaberAjansi\/\">Facebook Sayfam\u0131z<\/a><\/strong><\/p>\n","protected":false},"excerpt":{"rendered":"<p>AMMAN (SANA) \u2013 Suriyeli parkur tak\u0131m\u0131, \u00dcrd\u00fcn&#8217;de ger\u00e7ekle\u015ftirilen ilk Arap Parkur \u015eampiyonas\u0131&#8217;nda alt\u0131n ve g\u00fcm\u00fc\u015f madalya kazand\u0131. Muhammed Bar\u011fa\u015f, H\u0131z yar\u0131\u015fmas\u0131nda alt\u0131n madalyay\u0131, Andre Semaan serbest stil yar\u0131\u015fmas\u0131nda ise g\u00fcm\u00fc\u015f madalyay\u0131 kazand\u0131. Oyuncu Vissam El Abid, h\u0131zda d\u00f6rd\u00fcnc\u00fc, Serbest Stilde ise alt\u0131nc\u0131 oldu. \u015eampiyonaya Suriye, \u00dcrd\u00fcn, M\u0131s\u0131r, Cezayir, El Ma\u011freb, Suudi Arabistan, Filistin, Sudan ve &hellip;<\/p>\n","protected":false},"author":39,"featured_media":305491,"comment_status":"closed","ping_status":"closed","sticky":false,"template":"","format":"standard","meta":{"footnotes":""},"categories":[498,17988,496],"tags":[],"class_list":["post-305490","post","type-post","status-publish","format-standard","has-post-thumbnail","","category-dunya-turnuvalari","category-son-haberler","category-spor"],"_links":{"self":[{"href":"https:\/\/archive.sana.sy\/tr\/index.php?rest_route=\/wp\/v2\/posts\/305490","targetHints":{"allow":["GET"]}}],"collection":[{"href":"https:\/\/archive.sana.sy\/tr\/index.php?rest_route=\/wp\/v2\/posts"}],"about":[{"href":"https:\/\/archive.sana.sy\/tr\/index.php?rest_route=\/wp\/v2\/types\/post"}],"author":[{"embeddable":true,"href":"https:\/\/archive.sana.sy\/tr\/index.php?rest_route=\/wp\/v2\/users\/39"}],"replies":[{"embeddable":true,"href":"https:\/\/archive.sana.sy\/tr\/index.php?rest_route=%2Fwp%2Fv2%2Fcomments&post=305490"}],"version-history":[{"count":4,"href":"https:\/\/archive.sana.sy\/tr\/index.php?rest_route=\/wp\/v2\/posts\/305490\/revisions"}],"predecessor-version":[{"id":305500,"href":"https:\/\/archive.sana.sy\/tr\/index.php?rest_route=\/wp\/v2\/posts\/305490\/revisions\/305500"}],"wp:featuredmedia":[{"embeddable":true,"href":"https:\/\/archive.sana.sy\/tr\/index.php?rest_route=\/wp\/v2\/media\/305491"}],"wp:attachment":[{"href":"https:\/\/archive.sana.sy\/tr\/index.php?rest_route=%2Fwp%2Fv2%2Fmedia&parent=305490"}],"wp:term":[{"taxonomy":"category","embeddable":true,"href":"https:\/\/archive.sana.sy\/tr\/index.php?rest_route=%2Fwp%2Fv2%2Fcategories&post=305490"},{"taxonomy":"post_tag","embeddable":true,"href":"https:\/\/archive.sana.sy\/tr\/index.php?rest_route=%2Fwp%2Fv2%2Ftags&post=305490"}],"curies":[{"name":"wp","href":"https:\/\/api.w.org\/{rel}","templated":true}]}}