{"id":3055,"date":"2014-06-14T15:20:58","date_gmt":"2014-06-14T12:20:58","guid":{"rendered":"http:\/\/sanasyria.org\/tr\/?p=3055"},"modified":"2014-06-14T15:25:14","modified_gmt":"2014-06-14T12:25:14","slug":"ruhani-terore-karsi-el-ele-vermekten-baska-care-kalmadi","status":"publish","type":"post","link":"https:\/\/archive.sana.sy\/tr\/?p=3055","title":{"rendered":"Ruhani: Ter\u00f6re Kar\u015f\u0131 El Ele Vermekten Ba\u015fka \u00c7are Kalmad\u0131"},"content":{"rendered":"<p><span style=\"color: #800000\">TAHRAN \u2013<\/span> \u0130ran Cumhurba\u015fkan\u0131 Hasan Ruhani Bat\u0131l\u0131 devletler ve m\u00fcttefiklerinin Suriye\u2019de yapt\u0131klar\u0131 her \u015feyin ter\u00f6ristlerin \u00e7\u0131karlar\u0131na hizmet etti\u011fini dile getirerek \u0130ran\u2019\u0131n b\u00f6lgede yayg\u0131nla\u015fmakta olan ter\u00f6r nedeniyle kayg\u0131l\u0131 oldu\u011funu ve bir\u00e7ok \u00fclkenin ter\u00f6rden dolay\u0131 rahats\u0131zl\u0131k duymaya ba\u015flad\u0131\u011f\u0131n\u0131 belirtti.<\/p>\n<p>Ruhani bug\u00fcn Cumhurba\u015fkanl\u0131\u011f\u0131na se\u00e7ilmesinin birinci y\u0131l d\u00f6n\u00fcm\u00fc m\u00fcnasebetiyle d\u00fczenledi\u011fi bas\u0131n konferans\u0131nda; Ter\u00f6rle m\u00fccadele i\u00e7in el ele vermekten ba\u015fka \u00e7are kalmad\u0131\u011f\u0131na dikkat \u00e7ekti.<\/p>\n<p>Suriye\u2019de bulunan ter\u00f6ristlerin kendi \u00fclkelerine d\u00f6nmeleriyle ter\u00f6r sorununun da bu \u00fclkelere ta\u015f\u0131naca\u011f\u0131na i\u015faret eden Ruhani; \u0130ran\u2019\u0131n Suriye\u2019ye kar\u015f\u0131 sava\u015f a\u00e7\u0131lmamas\u0131 i\u00e7in b\u00fcy\u00fck bir \u00e7aba i\u00e7erisinde oldu\u011funun alt\u0131n\u0131 \u00e7izdi.<\/p>\n","protected":false},"excerpt":{"rendered":"<p>TAHRAN \u2013 \u0130ran Cumhurba\u015fkan\u0131 Hasan Ruhani Bat\u0131l\u0131 devletler ve m\u00fcttefiklerinin Suriye\u2019de yapt\u0131klar\u0131 her \u015feyin ter\u00f6ristlerin \u00e7\u0131karlar\u0131na hizmet etti\u011fini dile getirerek \u0130ran\u2019\u0131n b\u00f6lgede yayg\u0131nla\u015fmakta olan ter\u00f6r nedeniyle kayg\u0131l\u0131 oldu\u011funu ve bir\u00e7ok \u00fclkenin ter\u00f6rden dolay\u0131 rahats\u0131zl\u0131k duymaya ba\u015flad\u0131\u011f\u0131n\u0131 belirtti. Ruhani bug\u00fcn Cumhurba\u015fkanl\u0131\u011f\u0131na se\u00e7ilmesinin birinci y\u0131l d\u00f6n\u00fcm\u00fc m\u00fcnasebetiyle d\u00fczenledi\u011fi bas\u0131n konferans\u0131nda; Ter\u00f6rle m\u00fccadele i\u00e7in el ele vermekten ba\u015fka &hellip;<\/p>\n","protected":false},"author":1,"featured_media":3056,"comment_status":"closed","ping_status":"closed","sticky":false,"template":"","format":"standard","meta":{"footnotes":""},"categories":[458,459],"tags":[676],"class_list":["post-3055","post","type-post","status-publish","format-standard","has-post-thumbnail","","category-dunya1","category-haberler-arap-uluslararasi-politika","tag-ruhani-terore-karsi-el-ele-vermekten-baska-care-kalmadi"],"_links":{"self":[{"href":"https:\/\/archive.sana.sy\/tr\/index.php?rest_route=\/wp\/v2\/posts\/3055","targetHints":{"allow":["GET"]}}],"collection":[{"href":"https:\/\/archive.sana.sy\/tr\/index.php?rest_route=\/wp\/v2\/posts"}],"about":[{"href":"https:\/\/archive.sana.sy\/tr\/index.php?rest_route=\/wp\/v2\/types\/post"}],"author":[{"embeddable":true,"href":"https:\/\/archive.sana.sy\/tr\/index.php?rest_route=\/wp\/v2\/users\/1"}],"replies":[{"embeddable":true,"href":"https:\/\/archive.sana.sy\/tr\/index.php?rest_route=%2Fwp%2Fv2%2Fcomments&post=3055"}],"version-history":[{"count":0,"href":"https:\/\/archive.sana.sy\/tr\/index.php?rest_route=\/wp\/v2\/posts\/3055\/revisions"}],"wp:featuredmedia":[{"embeddable":true,"href":"https:\/\/archive.sana.sy\/tr\/index.php?rest_route=\/wp\/v2\/media\/3056"}],"wp:attachment":[{"href":"https:\/\/archive.sana.sy\/tr\/index.php?rest_route=%2Fwp%2Fv2%2Fmedia&parent=3055"}],"wp:term":[{"taxonomy":"category","embeddable":true,"href":"https:\/\/archive.sana.sy\/tr\/index.php?rest_route=%2Fwp%2Fv2%2Fcategories&post=3055"},{"taxonomy":"post_tag","embeddable":true,"href":"https:\/\/archive.sana.sy\/tr\/index.php?rest_route=%2Fwp%2Fv2%2Ftags&post=3055"}],"curies":[{"name":"wp","href":"https:\/\/api.w.org\/{rel}","templated":true}]}}