{"id":305502,"date":"2024-07-23T12:04:36","date_gmt":"2024-07-23T09:04:36","guid":{"rendered":"https:\/\/sana.sy\/tr\/?p=305502"},"modified":"2024-07-24T16:12:13","modified_gmt":"2024-07-24T13:12:13","slug":"iran-israil-varliginin-bolgedeki-guvensizlik-ve-istikrarsizligin-ana-kaynagi-oldugunu-vurguladi","status":"publish","type":"post","link":"https:\/\/archive.sana.sy\/tr\/?p=305502","title":{"rendered":"\u0130ran, \u0130srail Varl\u0131\u011f\u0131n\u0131n B\u00f6lgedeki G\u00fcvensizlik Ve \u0130stikrars\u0131zl\u0131\u011f\u0131n Ana Kayna\u011f\u0131 Oldu\u011funu Vurgulad\u0131"},"content":{"rendered":"<p style=\"text-align: justify;\"><strong>NEW YORK (SANA) \u2013<\/strong> \u0130ran, \u0130srail&#8217;in Suriye topraklar\u0131na ve b\u00f6lgedeki di\u011fer \u00fclkelerin topraklar\u0131na y\u00f6nelik tekrarlanan sald\u0131rganl\u0131klar\u0131n\u0131 k\u0131nad\u0131\u011f\u0131n\u0131 yineleyerek, BM G\u00fcvenlik Konseyi&#8217;ni bu varl\u0131\u011f\u0131n sorumlu tutulmas\u0131 i\u00e7in h\u0131zl\u0131 ve kararl\u0131 bir \u015fekilde harekete ge\u00e7meye \u00e7a\u011f\u0131rd\u0131.<\/p>\n<p style=\"text-align: justify;\">IRNA haber ajans\u0131n\u0131n aktard\u0131\u011f\u0131na g\u00f6re, \u0130ran&#8217;\u0131n Birle\u015fmi\u015f Milletler daimi temsilcisi Emir Said \u0130rvani, BM G\u00fcvenlik Konseyi&#8217;nin Suriye&#8217;yle ilgili oturumunda, &#8220;\u0130ran, \u0130srail varl\u0131\u011f\u0131n\u0131n Suriye Arap Cumhuriyeti&#8217;nin egemenli\u011fine ve toprak b\u00fct\u00fcnl\u00fc\u011f\u00fcne ve b\u00f6lgedeki di\u011fer \u00fclkelere y\u00f6nelik devam eden sald\u0131rganl\u0131\u011f\u0131n\u0131 g\u00fc\u00e7l\u00fc bir \u015fekilde k\u0131n\u0131yor&#8221; diyerek, \u0130srail varl\u0131\u011f\u0131n\u0131n, sivil ve ya\u015famsal altyap\u0131y\u0131 kas\u0131tl\u0131 olarak hedef alan Yemen&#8217;e y\u00f6nelik son sald\u0131r\u0131lar\u0131n\u0131n yan\u0131 s\u0131ra yasad\u0131\u015f\u0131 uygulamalar\u0131n\u0131n, uluslararas\u0131 insanc\u0131l hukuku ve Birle\u015fmi\u015f Milletler \u015eart\u0131&#8217;nda yer alan ilkeleri a\u00e7\u0131k\u00e7a ihlal etti\u011fini\u00a0 vurgulad\u0131.<\/p>\n<p style=\"text-align: justify;\">\u0130rvani ayr\u0131ca, ter\u00f6r ve sald\u0131rganl\u0131\u011fa dayal\u0131 bu varl\u0131\u011f\u0131n, b\u00f6lgede ve d\u00fcnyan\u0131n di\u011fer b\u00f6lgelerinde g\u00fcvensizlik ve istikrar\u0131n ana kayna\u011f\u0131 oldu\u011funu ifade etti.<\/p>\n<p style=\"text-align: justify;\">\u0130ranl\u0131 temsilci,\u00a0ABD ve Bat\u0131l\u0131 m\u00fcttefiklerinin Suriye&#8217;ye uygulad\u0131\u011f\u0131 insanl\u0131k d\u0131\u015f\u0131 zorlay\u0131c\u0131 yapt\u0131r\u0131mlar\u0131n, m\u00fcltecilerin geri d\u00f6n\u00fc\u015f\u00fc konusunu siyasalla\u015ft\u0131rmalar\u0131n\u0131n ve Suriye&#8217;nin yeniden in\u015fas\u0131na y\u00f6nelik uluslararas\u0131 deste\u011fin engellenmesinin Suriye halk\u0131n\u0131n ac\u0131lar\u0131n\u0131 art\u0131rd\u0131\u011f\u0131n\u0131 ve yeniden in\u015fa \u00e7abalar\u0131n\u0131 engelledi\u011fini de vurgulad\u0131.<\/p>\n<p style=\"text-align: justify;\">\u0130ran konu\u015fmas\u0131n\u0131 yapan \u0130ran Temsilcisi \u0130rvan\u0131, yalan yere insan haklar\u0131na \u00f6nem verdiklerini iddia eden ve Suriye&#8217;ye ekonomik abluka uygulayan Bat\u0131l\u0131 \u00fclkelere bu insanl\u0131k d\u0131\u015f\u0131 eylemleri derhal kald\u0131rmalar\u0131 \u00e7a\u011fr\u0131s\u0131nda bulunarak, bu ba\u011flamda tarafs\u0131z ve siyasalla\u015ft\u0131r\u0131lmam\u0131\u015f insani yard\u0131m sa\u011flanmas\u0131n\u0131n gereklili\u011fini vurgulad\u0131.<\/p>\n<p style=\"text-align: justify;\">\u0130ranl\u0131 temsilci konu\u015fmas\u0131nda da, \u0130ran&#8217;\u0131n, ter\u00f6rizm ve yabanc\u0131 i\u015fgal tehditlerinin \u00fcstesinden gelme \u00e7abalar\u0131nda Suriye halk\u0131n\u0131 ve h\u00fck\u00fcmetini desteklemeye devam etme kararl\u0131l\u0131\u011f\u0131n\u0131 dile getirerek, ter\u00f6r belas\u0131n\u0131n hala Suriye ve t\u00fcm b\u00f6lge i\u00e7in ciddi bir tehdit olu\u015fturdu\u011funu ve kararl\u0131l\u0131kla m\u00fccadele edilmesi gerekti\u011fini, ancak Suriye&#8217;nin ulusal egemenli\u011fine, toprak b\u00fct\u00fcnl\u00fc\u011f\u00fcne ve ba\u011f\u0131ms\u0131zl\u0131\u011f\u0131na tam sayg\u0131yla ele al\u0131nmas\u0131 gerekti\u011fini kaydetti.<\/p>\n<p style=\"text-align: center;\"><strong><a href=\"https:\/\/t.me\/SuriyeArapHaberAjansI\">Telegram Kanal\u0131m\u0131z\u00a0<\/a>||<a href=\"https:\/\/twitter.com\/arap_ajans\">X Platformumuz\u00a0<\/a>||<a href=\"https:\/\/www.facebook.com\/SANAHaberAjansi\/\">Facebook Sayfam\u0131z<\/a><\/strong><\/p>\n","protected":false},"excerpt":{"rendered":"<p>NEW YORK (SANA) \u2013 \u0130ran, \u0130srail&#8217;in Suriye topraklar\u0131na ve b\u00f6lgedeki di\u011fer \u00fclkelerin topraklar\u0131na y\u00f6nelik tekrarlanan sald\u0131rganl\u0131klar\u0131n\u0131 k\u0131nad\u0131\u011f\u0131n\u0131 yineleyerek, BM G\u00fcvenlik Konseyi&#8217;ni bu varl\u0131\u011f\u0131n sorumlu tutulmas\u0131 i\u00e7in h\u0131zl\u0131 ve kararl\u0131 bir \u015fekilde harekete ge\u00e7meye \u00e7a\u011f\u0131rd\u0131. IRNA haber ajans\u0131n\u0131n aktard\u0131\u011f\u0131na g\u00f6re, \u0130ran&#8217;\u0131n Birle\u015fmi\u015f Milletler daimi temsilcisi Emir Said \u0130rvani, BM G\u00fcvenlik Konseyi&#8217;nin Suriye&#8217;yle ilgili oturumunda, &#8220;\u0130ran, \u0130srail &hellip;<\/p>\n","protected":false},"author":39,"featured_media":305503,"comment_status":"closed","ping_status":"closed","sticky":false,"template":"","format":"standard","meta":{"footnotes":""},"categories":[458,459,17988],"tags":[3915,42001],"class_list":["post-305502","post","type-post","status-publish","format-standard","has-post-thumbnail","","category-dunya1","category-haberler-arap-uluslararasi-politika","category-son-haberler","tag-iran","tag-israil-varliginin-bolgedeki-guvensizlik-ve-istikrarsizligin-ana-kaynagi-oldugunu-vurguladi"],"_links":{"self":[{"href":"https:\/\/archive.sana.sy\/tr\/index.php?rest_route=\/wp\/v2\/posts\/305502","targetHints":{"allow":["GET"]}}],"collection":[{"href":"https:\/\/archive.sana.sy\/tr\/index.php?rest_route=\/wp\/v2\/posts"}],"about":[{"href":"https:\/\/archive.sana.sy\/tr\/index.php?rest_route=\/wp\/v2\/types\/post"}],"author":[{"embeddable":true,"href":"https:\/\/archive.sana.sy\/tr\/index.php?rest_route=\/wp\/v2\/users\/39"}],"replies":[{"embeddable":true,"href":"https:\/\/archive.sana.sy\/tr\/index.php?rest_route=%2Fwp%2Fv2%2Fcomments&post=305502"}],"version-history":[{"count":4,"href":"https:\/\/archive.sana.sy\/tr\/index.php?rest_route=\/wp\/v2\/posts\/305502\/revisions"}],"predecessor-version":[{"id":305524,"href":"https:\/\/archive.sana.sy\/tr\/index.php?rest_route=\/wp\/v2\/posts\/305502\/revisions\/305524"}],"wp:featuredmedia":[{"embeddable":true,"href":"https:\/\/archive.sana.sy\/tr\/index.php?rest_route=\/wp\/v2\/media\/305503"}],"wp:attachment":[{"href":"https:\/\/archive.sana.sy\/tr\/index.php?rest_route=%2Fwp%2Fv2%2Fmedia&parent=305502"}],"wp:term":[{"taxonomy":"category","embeddable":true,"href":"https:\/\/archive.sana.sy\/tr\/index.php?rest_route=%2Fwp%2Fv2%2Fcategories&post=305502"},{"taxonomy":"post_tag","embeddable":true,"href":"https:\/\/archive.sana.sy\/tr\/index.php?rest_route=%2Fwp%2Fv2%2Ftags&post=305502"}],"curies":[{"name":"wp","href":"https:\/\/api.w.org\/{rel}","templated":true}]}}