{"id":305506,"date":"2024-07-23T12:46:57","date_gmt":"2024-07-23T09:46:57","guid":{"rendered":"https:\/\/sana.sy\/tr\/?p=305506"},"modified":"2024-07-24T16:11:22","modified_gmt":"2024-07-24T13:11:22","slug":"polyansky-suriye-topraklarindaki-yasa-disi-amerikan-askeri-varligi-istikrari-engelliyor","status":"publish","type":"post","link":"https:\/\/archive.sana.sy\/tr\/?p=305506","title":{"rendered":"Polyansky: Suriye Topraklar\u0131ndaki Yasa D\u0131\u015f\u0131 Amerikan Askeri Varl\u0131\u011f\u0131 \u0130stikrar\u0131 Engelliyor"},"content":{"rendered":"<p style=\"text-align: justify;\"><strong>NEW YORK (SANA)<\/strong> \u2013 Rusya&#8217;n\u0131n Birle\u015fmi\u015f Milletler Daimi Temsilci Yard\u0131mc\u0131s\u0131 Dmitry Polyansky, Amerikan i\u015fgal g\u00fc\u00e7lerinin Suriye topraklar\u0131ndaki yasad\u0131\u015f\u0131 askeri varl\u0131\u011f\u0131n\u0131n sona erdirilmesinin gereklili\u011fini vurgulad\u0131.<\/p>\n<p style=\"text-align: justify;\">TASS haber ajans\u0131n\u0131n aktard\u0131\u011f\u0131na g\u00f6re Polyansky d\u00fcn BM G\u00fcvenlik Konseyi&#8217;nin Suriye&#8217;yle ilgili oturumunda, &#8220;Rusya&#8217;n\u0131n Suriye&#8217;de kal\u0131c\u0131 istikrar\u0131n sa\u011flanmas\u0131n\u0131n, oradaki yabanc\u0131 askeri varl\u0131\u011f\u0131n sona erdirilmesinden ge\u00e7ti\u011fi konusunda \u0131srar etti, bunun da Suriye&#8217;nin egemenli\u011fi ve toprak b\u00fct\u00fcnl\u00fc\u011f\u00fcn\u00fcn a\u00e7\u0131k\u00e7a ihlali anlam\u0131na geldi&#8221; dedi.<\/p>\n<p style=\"text-align: justify;\">Polyansky ayr\u0131ca, ABD&#8217;nin kas\u0131tl\u0131 olarak di\u011fer \u00fclkelerin i\u015flerine kar\u0131\u015fmaya devam etti\u011fine dikkat \u00e7ekerek, &#8220;ABD temsilcisinin bug\u00fcnk\u00fc konu\u015fmas\u0131ndan, Va\u015fington&#8217;un ho\u015flanmad\u0131\u011f\u0131 \u00fclkelerin i\u00e7 i\u015flerine m\u00fcdahale edilmesinin ve onlar\u0131 istikrars\u0131zla\u015ft\u0131rmaya y\u00f6nelik giri\u015fimlerin h\u00e2l\u00e2 ABD a\u00e7\u0131s\u0131ndan kas\u0131tl\u0131 bir tercih oldu\u011funu g\u00f6r\u00fcyoruz ve bu bencil politikan\u0131n sonu\u00e7lar\u0131n\u0131 Ortado\u011fu&#8217;da ve d\u00fcnyan\u0131n di\u011fer b\u00f6lgelerinde g\u00f6r\u00fcyoruz&#8221; ifadelerini s\u00f6zlerine ekledi.<\/p>\n<p style=\"text-align: justify;\">Rusyal\u0131 temsilci, Va\u015fington&#8217;un ter\u00f6rle m\u00fccadele konusunda ilan etti\u011fi g\u00f6rkemli hedeflere ra\u011fmen, ABD&#8217;nin hala Amerikan i\u015fgalinin El Tenf \u00fcss\u00fc gibi yasad\u0131\u015f\u0131 askeri varl\u0131\u011f\u0131n\u0131n oldu\u011fu yerlerde I\u015e\u0130D ter\u00f6ristlerini ve di\u011fer ter\u00f6rist gruplar\u0131 bar\u0131nd\u0131rd\u0131\u011f\u0131n\u0131 da kaydetti.<\/p>\n<p style=\"text-align: center;\"><strong><a href=\"https:\/\/t.me\/SuriyeArapHaberAjansI\">Telegram Kanal\u0131m\u0131z\u00a0<\/a>||<a href=\"https:\/\/twitter.com\/arap_ajans\">X Platformumuz\u00a0<\/a>||<a href=\"https:\/\/www.facebook.com\/SANAHaberAjansi\/\">Facebook Sayfam\u0131z<\/a><\/strong><\/p>\n","protected":false},"excerpt":{"rendered":"<p>NEW YORK (SANA) \u2013 Rusya&#8217;n\u0131n Birle\u015fmi\u015f Milletler Daimi Temsilci Yard\u0131mc\u0131s\u0131 Dmitry Polyansky, Amerikan i\u015fgal g\u00fc\u00e7lerinin Suriye topraklar\u0131ndaki yasad\u0131\u015f\u0131 askeri varl\u0131\u011f\u0131n\u0131n sona erdirilmesinin gereklili\u011fini vurgulad\u0131. TASS haber ajans\u0131n\u0131n aktard\u0131\u011f\u0131na g\u00f6re Polyansky d\u00fcn BM G\u00fcvenlik Konseyi&#8217;nin Suriye&#8217;yle ilgili oturumunda, &#8220;Rusya&#8217;n\u0131n Suriye&#8217;de kal\u0131c\u0131 istikrar\u0131n sa\u011flanmas\u0131n\u0131n, oradaki yabanc\u0131 askeri varl\u0131\u011f\u0131n sona erdirilmesinden ge\u00e7ti\u011fi konusunda \u0131srar etti, bunun da Suriye&#8217;nin &hellip;<\/p>\n","protected":false},"author":39,"featured_media":305507,"comment_status":"closed","ping_status":"closed","sticky":false,"template":"","format":"standard","meta":{"footnotes":""},"categories":[458,459,17988],"tags":[],"class_list":["post-305506","post","type-post","status-publish","format-standard","has-post-thumbnail","","category-dunya1","category-haberler-arap-uluslararasi-politika","category-son-haberler"],"_links":{"self":[{"href":"https:\/\/archive.sana.sy\/tr\/index.php?rest_route=\/wp\/v2\/posts\/305506","targetHints":{"allow":["GET"]}}],"collection":[{"href":"https:\/\/archive.sana.sy\/tr\/index.php?rest_route=\/wp\/v2\/posts"}],"about":[{"href":"https:\/\/archive.sana.sy\/tr\/index.php?rest_route=\/wp\/v2\/types\/post"}],"author":[{"embeddable":true,"href":"https:\/\/archive.sana.sy\/tr\/index.php?rest_route=\/wp\/v2\/users\/39"}],"replies":[{"embeddable":true,"href":"https:\/\/archive.sana.sy\/tr\/index.php?rest_route=%2Fwp%2Fv2%2Fcomments&post=305506"}],"version-history":[{"count":3,"href":"https:\/\/archive.sana.sy\/tr\/index.php?rest_route=\/wp\/v2\/posts\/305506\/revisions"}],"predecessor-version":[{"id":305522,"href":"https:\/\/archive.sana.sy\/tr\/index.php?rest_route=\/wp\/v2\/posts\/305506\/revisions\/305522"}],"wp:featuredmedia":[{"embeddable":true,"href":"https:\/\/archive.sana.sy\/tr\/index.php?rest_route=\/wp\/v2\/media\/305507"}],"wp:attachment":[{"href":"https:\/\/archive.sana.sy\/tr\/index.php?rest_route=%2Fwp%2Fv2%2Fmedia&parent=305506"}],"wp:term":[{"taxonomy":"category","embeddable":true,"href":"https:\/\/archive.sana.sy\/tr\/index.php?rest_route=%2Fwp%2Fv2%2Fcategories&post=305506"},{"taxonomy":"post_tag","embeddable":true,"href":"https:\/\/archive.sana.sy\/tr\/index.php?rest_route=%2Fwp%2Fv2%2Ftags&post=305506"}],"curies":[{"name":"wp","href":"https:\/\/api.w.org\/{rel}","templated":true}]}}