{"id":305509,"date":"2024-07-23T10:27:43","date_gmt":"2024-07-23T07:27:43","guid":{"rendered":"https:\/\/sana.sy\/tr\/?p=305509"},"modified":"2024-07-27T08:57:52","modified_gmt":"2024-07-27T05:57:52","slug":"isgalci-israilin-lubnanin-guneyine-yonelik-saldirganliklari-sonucu-cok-sayida-kisi-yaralandi","status":"publish","type":"post","link":"https:\/\/archive.sana.sy\/tr\/?p=305509","title":{"rendered":"\u0130\u015fgalci \u0130srail&#8217;in L\u00fcbnan&#8217;\u0131n G\u00fcneyine Y\u00f6nelik Sald\u0131rganl\u0131klar\u0131 Sonucu Birka\u00e7 Ki\u015fi Yaraland\u0131"},"content":{"rendered":"<p style=\"text-align: justify;\"><strong>BEYRUT (SANA)<\/strong> \u2013 \u0130srail&#8217;in bug\u00fcn L\u00fcbnan&#8217;\u0131n g\u00fcneyindeki Bint Cubeyil kasabas\u0131n\u0131n ba\u011fl\u0131 \u015eakra kasabas\u0131na d\u00fczenledi\u011fi hava sald\u0131rganl\u0131\u011f\u0131\u00a0 sonucu \u00e7ok say\u0131da ki\u015fi yaraland\u0131.<\/p>\n<p style=\"text-align: justify;\">D\u00fc\u015fman insans\u0131z hava arac\u0131n\u0131n Bint Cubeyil il\u00e7esine ba\u011fl\u0131 \u015eakra kasabas\u0131 yolunda bulunan bir arac\u0131 g\u00fcd\u00fcml\u00fc f\u00fczeyle hedef almas\u0131, yaralanmalara ve arac\u0131n k\u0131smen yanmas\u0131na neden oldu.<\/p>\n<p style=\"text-align: center;\"><strong><a href=\"https:\/\/t.me\/SuriyeArapHaberAjansI\">Telegram Kanal\u0131m\u0131z\u00a0<\/a>||<a href=\"https:\/\/twitter.com\/arap_ajans\">X Platformumuz\u00a0<\/a>||<a href=\"https:\/\/www.facebook.com\/SANAHaberAjansi\/\">Facebook Sayfam\u0131z<\/a><\/strong><\/p>\n<p>&nbsp;<\/p>\n","protected":false},"excerpt":{"rendered":"<p>BEYRUT (SANA) \u2013 \u0130srail&#8217;in bug\u00fcn L\u00fcbnan&#8217;\u0131n g\u00fcneyindeki Bint Cubeyil kasabas\u0131n\u0131n ba\u011fl\u0131 \u015eakra kasabas\u0131na d\u00fczenledi\u011fi hava sald\u0131rganl\u0131\u011f\u0131\u00a0 sonucu \u00e7ok say\u0131da ki\u015fi yaraland\u0131. D\u00fc\u015fman insans\u0131z hava arac\u0131n\u0131n Bint Cubeyil il\u00e7esine ba\u011fl\u0131 \u015eakra kasabas\u0131 yolunda bulunan bir arac\u0131 g\u00fcd\u00fcml\u00fc f\u00fczeyle hedef almas\u0131, yaralanmalara ve arac\u0131n k\u0131smen yanmas\u0131na neden oldu. Telegram Kanal\u0131m\u0131z\u00a0||X Platformumuz\u00a0||Facebook Sayfam\u0131z &nbsp;<\/p>\n","protected":false},"author":39,"featured_media":305510,"comment_status":"closed","ping_status":"closed","sticky":false,"template":"","format":"standard","meta":{"footnotes":""},"categories":[458,459,17988],"tags":[],"class_list":["post-305509","post","type-post","status-publish","format-standard","has-post-thumbnail","","category-dunya1","category-haberler-arap-uluslararasi-politika","category-son-haberler"],"_links":{"self":[{"href":"https:\/\/archive.sana.sy\/tr\/index.php?rest_route=\/wp\/v2\/posts\/305509","targetHints":{"allow":["GET"]}}],"collection":[{"href":"https:\/\/archive.sana.sy\/tr\/index.php?rest_route=\/wp\/v2\/posts"}],"about":[{"href":"https:\/\/archive.sana.sy\/tr\/index.php?rest_route=\/wp\/v2\/types\/post"}],"author":[{"embeddable":true,"href":"https:\/\/archive.sana.sy\/tr\/index.php?rest_route=\/wp\/v2\/users\/39"}],"replies":[{"embeddable":true,"href":"https:\/\/archive.sana.sy\/tr\/index.php?rest_route=%2Fwp%2Fv2%2Fcomments&post=305509"}],"version-history":[{"count":3,"href":"https:\/\/archive.sana.sy\/tr\/index.php?rest_route=\/wp\/v2\/posts\/305509\/revisions"}],"predecessor-version":[{"id":305525,"href":"https:\/\/archive.sana.sy\/tr\/index.php?rest_route=\/wp\/v2\/posts\/305509\/revisions\/305525"}],"wp:featuredmedia":[{"embeddable":true,"href":"https:\/\/archive.sana.sy\/tr\/index.php?rest_route=\/wp\/v2\/media\/305510"}],"wp:attachment":[{"href":"https:\/\/archive.sana.sy\/tr\/index.php?rest_route=%2Fwp%2Fv2%2Fmedia&parent=305509"}],"wp:term":[{"taxonomy":"category","embeddable":true,"href":"https:\/\/archive.sana.sy\/tr\/index.php?rest_route=%2Fwp%2Fv2%2Fcategories&post=305509"},{"taxonomy":"post_tag","embeddable":true,"href":"https:\/\/archive.sana.sy\/tr\/index.php?rest_route=%2Fwp%2Fv2%2Ftags&post=305509"}],"curies":[{"name":"wp","href":"https:\/\/api.w.org\/{rel}","templated":true}]}}