{"id":305513,"date":"2024-07-23T09:34:06","date_gmt":"2024-07-23T06:34:06","guid":{"rendered":"https:\/\/sana.sy\/tr\/?p=305513"},"modified":"2024-07-27T08:57:10","modified_gmt":"2024-07-27T05:57:10","slug":"isgalci-israilin-gazze-seridinde-son-24-saatte-gerceklestirdigi-katliamlar-sonucu-84-sehit","status":"publish","type":"post","link":"https:\/\/archive.sana.sy\/tr\/?p=305513","title":{"rendered":"\u0130\u015fgalci \u0130srail&#8217;in Gazze \u015eeridi&#8217;nde Son 24 Saatte Ger\u00e7ekle\u015ftirdi\u011fi Katliamlar Sonucu 84 \u015eehit"},"content":{"rendered":"<p style=\"text-align: justify;\"><strong>\u0130\u015eGAL ED\u0130LEN KUD\u00dcS (SANA)<\/strong> \u2013 Filistin Sa\u011fl\u0131k Bakanl\u0131\u011f\u0131, i\u015fgalci \u0130srail&#8217;in Gazze \u015eeridi&#8217;nde son 24 saatte 8 katliam ger\u00e7ekle\u015ftirdi\u011fini, hastanelerde \u015fehit d\u00fc\u015fenlerin say\u0131s\u0131n\u0131n 84 \u015fehide, yaral\u0131lar\u0131n\u0131n say\u0131s\u0131n\u0131n 329 yaral\u0131ya ula\u015ft\u0131\u011f\u0131n\u0131 duyurdu.<\/p>\n<p style=\"text-align: justify;\">Bakanl\u0131k bug\u00fcn yapt\u0131\u011f\u0131 a\u00e7\u0131klamada, i\u015fgalcilerin Han Yunus&#8217;ta d\u00fcn ger\u00e7ekle\u015ftirdi\u011fi katliamlarda \u00f6lenlerin say\u0131s\u0131n\u0131n 24&#8217;\u00fc \u00e7ocuk, 15&#8217;i kad\u0131n olmak \u00fczere 73 \u015fehidin ve 120&#8217;den fazla yaral\u0131n\u0131n ula\u015ft\u0131\u011f\u0131n\u0131 kaydetti.<\/p>\n<p style=\"text-align: justify;\">Filistin Sa\u011fl\u0131k Bakanl\u0131\u011f\u0131 ayr\u0131ca, Gazze \u015eeridi&#8217;nde 291&#8217;inci g\u00fcn\u00fcnde devam eden i\u015fgal sald\u0131rganl\u0131\u011f\u0131nda \u015fehitlerin say\u0131s\u0131n\u0131n 39 bin 90 \u015fehite ve yaral\u0131lar\u0131n say\u0131s\u0131n\u0131n 90 bin 147 yaral\u0131ya y\u00fckseldi\u011fini belirtti.<\/p>\n<p style=\"text-align: center;\"><strong><a href=\"https:\/\/t.me\/SuriyeArapHaberAjansI\">Telegram Kanal\u0131m\u0131z\u00a0<\/a>||<a href=\"https:\/\/twitter.com\/arap_ajans\">X Platformumuz\u00a0<\/a>||<a href=\"https:\/\/www.facebook.com\/SANAHaberAjansi\/\">Facebook Sayfam\u0131z<\/a><\/strong><\/p>\n","protected":false},"excerpt":{"rendered":"<p>\u0130\u015eGAL ED\u0130LEN KUD\u00dcS (SANA) \u2013 Filistin Sa\u011fl\u0131k Bakanl\u0131\u011f\u0131, i\u015fgalci \u0130srail&#8217;in Gazze \u015eeridi&#8217;nde son 24 saatte 8 katliam ger\u00e7ekle\u015ftirdi\u011fini, hastanelerde \u015fehit d\u00fc\u015fenlerin say\u0131s\u0131n\u0131n 84 \u015fehide, yaral\u0131lar\u0131n\u0131n say\u0131s\u0131n\u0131n 329 yaral\u0131ya ula\u015ft\u0131\u011f\u0131n\u0131 duyurdu. Bakanl\u0131k bug\u00fcn yapt\u0131\u011f\u0131 a\u00e7\u0131klamada, i\u015fgalcilerin Han Yunus&#8217;ta d\u00fcn ger\u00e7ekle\u015ftirdi\u011fi katliamlarda \u00f6lenlerin say\u0131s\u0131n\u0131n 24&#8217;\u00fc \u00e7ocuk, 15&#8217;i kad\u0131n olmak \u00fczere 73 \u015fehidin ve 120&#8217;den fazla yaral\u0131n\u0131n ula\u015ft\u0131\u011f\u0131n\u0131 &hellip;<\/p>\n","protected":false},"author":39,"featured_media":305514,"comment_status":"closed","ping_status":"closed","sticky":false,"template":"","format":"standard","meta":{"footnotes":""},"categories":[458,459,17988],"tags":[],"class_list":["post-305513","post","type-post","status-publish","format-standard","has-post-thumbnail","","category-dunya1","category-haberler-arap-uluslararasi-politika","category-son-haberler"],"_links":{"self":[{"href":"https:\/\/archive.sana.sy\/tr\/index.php?rest_route=\/wp\/v2\/posts\/305513","targetHints":{"allow":["GET"]}}],"collection":[{"href":"https:\/\/archive.sana.sy\/tr\/index.php?rest_route=\/wp\/v2\/posts"}],"about":[{"href":"https:\/\/archive.sana.sy\/tr\/index.php?rest_route=\/wp\/v2\/types\/post"}],"author":[{"embeddable":true,"href":"https:\/\/archive.sana.sy\/tr\/index.php?rest_route=\/wp\/v2\/users\/39"}],"replies":[{"embeddable":true,"href":"https:\/\/archive.sana.sy\/tr\/index.php?rest_route=%2Fwp%2Fv2%2Fcomments&post=305513"}],"version-history":[{"count":4,"href":"https:\/\/archive.sana.sy\/tr\/index.php?rest_route=\/wp\/v2\/posts\/305513\/revisions"}],"predecessor-version":[{"id":305520,"href":"https:\/\/archive.sana.sy\/tr\/index.php?rest_route=\/wp\/v2\/posts\/305513\/revisions\/305520"}],"wp:featuredmedia":[{"embeddable":true,"href":"https:\/\/archive.sana.sy\/tr\/index.php?rest_route=\/wp\/v2\/media\/305514"}],"wp:attachment":[{"href":"https:\/\/archive.sana.sy\/tr\/index.php?rest_route=%2Fwp%2Fv2%2Fmedia&parent=305513"}],"wp:term":[{"taxonomy":"category","embeddable":true,"href":"https:\/\/archive.sana.sy\/tr\/index.php?rest_route=%2Fwp%2Fv2%2Fcategories&post=305513"},{"taxonomy":"post_tag","embeddable":true,"href":"https:\/\/archive.sana.sy\/tr\/index.php?rest_route=%2Fwp%2Fv2%2Ftags&post=305513"}],"curies":[{"name":"wp","href":"https:\/\/api.w.org\/{rel}","templated":true}]}}