{"id":305532,"date":"2024-07-23T06:42:20","date_gmt":"2024-07-23T03:42:20","guid":{"rendered":"https:\/\/sana.sy\/tr\/?p=305532"},"modified":"2024-07-27T08:57:00","modified_gmt":"2024-07-27T05:57:00","slug":"lubnan-direnisi-isgal-edilen-filistinin-kuzeyindeki-israil-dusman-uslerini-hedef-almaya-devam-ediyor","status":"publish","type":"post","link":"https:\/\/archive.sana.sy\/tr\/?p=305532","title":{"rendered":"L\u00fcbnan Direni\u015fi, \u0130\u015fgal Edilen Filistin&#8217;in Kuzeyindeki \u0130srail D\u00fc\u015fman \u00dcslerini Hedef Almaya Devam Ediyor"},"content":{"rendered":"<p style=\"text-align: justify;\"><strong>BEYRUT (SANA)<\/strong> &#8211; L\u00fcbnan direni\u015fi, i\u015fgal alt\u0131ndaki Filistin&#8217;in kuzeyindeki \u0130srail d\u00fc\u015fman \u00fcss\u00fcne bu \u00f6\u011fleden sonra bir filo sald\u0131r\u0131 y\u00fcr\u00fcy\u00fc\u015f\u00fcyle \u200b\u200bsald\u0131r\u0131 ba\u015flatt\u0131\u011f\u0131n\u0131 duyurdu.<\/p>\n<p style=\"text-align: justify;\">Direni\u015f yapt\u0131\u011f\u0131 a\u00e7\u0131klamada, \u00a0&#8220;Gazze \u015eeridi&#8217;ndeki kararl\u0131 Filistin halk\u0131m\u0131za ve onlar\u0131n cesur ve onurlu direni\u015fine destek ve \u0130srail d\u00fc\u015fman\u0131n\u0131n \u015eakra kasabas\u0131nda ger\u00e7ekle\u015ftirdi\u011fi sald\u0131rganl\u0131k\u00a0 ve suikasta yan\u0131t olarak, sava\u015f\u00e7\u0131lar\u0131m\u0131z, &#8220;\u015fu anda Golani Tugay\u0131 g\u00fc\u00e7leri taraf\u0131ndan i\u015fgal edilen bir komuta karargah\u0131&#8221; olan Neria Da\u011f\u0131 \u00fcss\u00fcne bir sald\u0131r\u0131 \u0130HA\u2019lar\u0131yla hava sald\u0131r\u0131s\u0131 ba\u015flatt\u0131 ve subay ve askerlerinin yerlerini hedef ald\u0131 ve hedeflerini isabetli bir \u015fekilde vurarak aralar\u0131nda teyitli kay\u0131plara neden oldu\u2019\u2019 dedi.<\/p>\n<p style=\"text-align: justify;\">L\u00fcbnan direni\u015fi d\u00fcn i\u015fgal alt\u0131ndaki Filistin&#8217;in kuzeyinde \u0130srail d\u00fc\u015fman askerlerinin iki mevzisini hedef alarak, bu mevzilerin do\u011frudan vurulmas\u0131na neden olmu\u015ftu.<\/p>\n<p style=\"text-align: center;\"><strong><a href=\"https:\/\/t.me\/SuriyeArapHaberAjansI\">Telegram Kanal\u0131m\u0131z\u00a0<\/a>||<a href=\"https:\/\/twitter.com\/arap_ajans\">X Platformumuz\u00a0<\/a>||<a href=\"https:\/\/www.facebook.com\/SANAHaberAjansi\/\">Facebook Sayfam\u0131z<\/a><\/strong><\/p>\n","protected":false},"excerpt":{"rendered":"<p>BEYRUT (SANA) &#8211; L\u00fcbnan direni\u015fi, i\u015fgal alt\u0131ndaki Filistin&#8217;in kuzeyindeki \u0130srail d\u00fc\u015fman \u00fcss\u00fcne bu \u00f6\u011fleden sonra bir filo sald\u0131r\u0131 y\u00fcr\u00fcy\u00fc\u015f\u00fcyle \u200b\u200bsald\u0131r\u0131 ba\u015flatt\u0131\u011f\u0131n\u0131 duyurdu. Direni\u015f yapt\u0131\u011f\u0131 a\u00e7\u0131klamada, \u00a0&#8220;Gazze \u015eeridi&#8217;ndeki kararl\u0131 Filistin halk\u0131m\u0131za ve onlar\u0131n cesur ve onurlu direni\u015fine destek ve \u0130srail d\u00fc\u015fman\u0131n\u0131n \u015eakra kasabas\u0131nda ger\u00e7ekle\u015ftirdi\u011fi sald\u0131rganl\u0131k\u00a0 ve suikasta yan\u0131t olarak, sava\u015f\u00e7\u0131lar\u0131m\u0131z, &#8220;\u015fu anda Golani Tugay\u0131 g\u00fc\u00e7leri taraf\u0131ndan &hellip;<\/p>\n","protected":false},"author":41,"featured_media":305533,"comment_status":"closed","ping_status":"closed","sticky":false,"template":"","format":"standard","meta":{"footnotes":""},"categories":[458,459,17988],"tags":[42002,31415],"class_list":["post-305532","post","type-post","status-publish","format-standard","has-post-thumbnail","","category-dunya1","category-haberler-arap-uluslararasi-politika","category-son-haberler","tag-isgal-edilen-filistinin-kuzeyindeki-israil-dusman-uslerini-hedef-almaya-devam-ediyor","tag-lubnan-direnisi"],"_links":{"self":[{"href":"https:\/\/archive.sana.sy\/tr\/index.php?rest_route=\/wp\/v2\/posts\/305532","targetHints":{"allow":["GET"]}}],"collection":[{"href":"https:\/\/archive.sana.sy\/tr\/index.php?rest_route=\/wp\/v2\/posts"}],"about":[{"href":"https:\/\/archive.sana.sy\/tr\/index.php?rest_route=\/wp\/v2\/types\/post"}],"author":[{"embeddable":true,"href":"https:\/\/archive.sana.sy\/tr\/index.php?rest_route=\/wp\/v2\/users\/41"}],"replies":[{"embeddable":true,"href":"https:\/\/archive.sana.sy\/tr\/index.php?rest_route=%2Fwp%2Fv2%2Fcomments&post=305532"}],"version-history":[{"count":1,"href":"https:\/\/archive.sana.sy\/tr\/index.php?rest_route=\/wp\/v2\/posts\/305532\/revisions"}],"predecessor-version":[{"id":305534,"href":"https:\/\/archive.sana.sy\/tr\/index.php?rest_route=\/wp\/v2\/posts\/305532\/revisions\/305534"}],"wp:featuredmedia":[{"embeddable":true,"href":"https:\/\/archive.sana.sy\/tr\/index.php?rest_route=\/wp\/v2\/media\/305533"}],"wp:attachment":[{"href":"https:\/\/archive.sana.sy\/tr\/index.php?rest_route=%2Fwp%2Fv2%2Fmedia&parent=305532"}],"wp:term":[{"taxonomy":"category","embeddable":true,"href":"https:\/\/archive.sana.sy\/tr\/index.php?rest_route=%2Fwp%2Fv2%2Fcategories&post=305532"},{"taxonomy":"post_tag","embeddable":true,"href":"https:\/\/archive.sana.sy\/tr\/index.php?rest_route=%2Fwp%2Fv2%2Ftags&post=305532"}],"curies":[{"name":"wp","href":"https:\/\/api.w.org\/{rel}","templated":true}]}}