{"id":305536,"date":"2024-07-23T19:24:10","date_gmt":"2024-07-23T16:24:10","guid":{"rendered":"https:\/\/sana.sy\/tr\/?p=305536"},"modified":"2024-07-24T16:10:34","modified_gmt":"2024-07-24T13:10:34","slug":"suriye-isgalin-unrwanin-terorist-oldugu-yonundeki-suclamasini-siddetle-kinadi","status":"publish","type":"post","link":"https:\/\/archive.sana.sy\/tr\/?p=305536","title":{"rendered":"Suriye, \u0130\u015fgalin UNRWA&#8217;n\u0131n Ter\u00f6rist Oldu\u011fu Y\u00f6n\u00fcndeki Su\u00e7lamas\u0131n\u0131 \u015eiddetle K\u0131nad\u0131"},"content":{"rendered":"<p style=\"text-align: justify;\"><strong>\u015eAM (SANA)<\/strong> &#8211; Suriye, \u0130srail i\u015fgal varl\u0131\u011f\u0131n\u0131n UNRWA&#8217;y\u0131 ter\u00f6rizm uygulamakla su\u00e7lamas\u0131n\u0131 \u015fiddetle k\u0131nayarak, bunun, kurulu\u015fun, te\u015fkilat\u0131n rol\u00fcne son verme, Gazze ve Bat\u0131 \u015eeria&#8217;da i\u015fledi\u011fi su\u00e7lar\u0131 \u00f6rtbas etme ve diasporadaki Filistinli m\u00fcltecilerin haklar\u0131n\u0131 tasfiye etme giri\u015fimlerinin bir par\u00e7as\u0131 oldu\u011funa dikkat \u00e7ekti.<\/p>\n<p style=\"text-align: justify;\">D\u0131\u015fi\u015fleri ve Gurbet\u00e7iler Bakanl\u0131\u011f\u0131&#8217;ndan bug\u00fcn bir kopyas\u0131 SANA&#8217;ya ula\u015fan a\u00e7\u0131klama: &#8221;K\u00f6t\u00fc \u015f\u00f6hretli s\u00f6zde &#8220;\u0130srail Knesset&#8221;i, Birle\u015fmi\u015f Milletler Filistinli M\u00fcltecilere Yard\u0131m ve Bay\u0131nd\u0131rl\u0131k Ajans\u0131&#8217;n\u0131 (UNRWA) ter\u00f6r \u00f6rg\u00fct\u00fc olarak s\u0131n\u0131fland\u0131rma y\u00f6n\u00fcnde utan\u00e7 verici bir karar yay\u0131nlad\u0131. Bunun amac\u0131, bu \u00f6nemli kurumun, UNRWA&#8217;n\u0131n Filistin i\u00e7indeki ve d\u0131\u015f\u0131ndaki operasyon alanlar\u0131na asgari hizmetleri sa\u011flama konusundaki insani rol\u00fcn\u00fc yerine getirmesini engellemektir.&#8221;<\/p>\n<p style=\"text-align: justify;\">Bakanl\u0131k a\u00e7\u0131klamas\u0131nda ayr\u0131ca, &#8221;Birle\u015fmi\u015f Milletler Genel Kurulu, Nakba&#8217;n\u0131n ard\u0131ndan Filistinli m\u00fcltecilerin haklar\u0131n\u0131n uygulanmas\u0131 ve uluslararas\u0131 hukuka ve ba\u015fta 194 Say\u0131l\u0131 Karar olmak \u00fczere Birle\u015fmi\u015f Milletler kararlar\u0131na uygun olarak adil bir \u00e7\u00f6z\u00fcm bulunmas\u0131 amac\u0131yla UNRWA&#8217;n\u0131n kurulmas\u0131na karar verdi&#8221; ifadelerini kulland\u0131.<\/p>\n<p style=\"text-align: justify;\">&#8221;Suriye Arap Cumhuriyeti, \u0130srail taraf\u0131n\u0131n UNRWA&#8217;n\u0131n ter\u00f6rizm uygulad\u0131\u011f\u0131 y\u00f6n\u00fcndeki su\u00e7lamas\u0131n\u0131 g\u00fc\u00e7l\u00fc bir \u015fekilde k\u0131n\u0131yor; bu, UNRWA&#8217;n\u0131n rol\u00fcn\u00fc sona erdirme ve Gazze ile Bat\u0131 \u015eeria&#8217;da i\u015fledi\u011fi su\u00e7lar\u0131 ve zul\u00fcmleri \u00f6rtbas etme giri\u015fimlerinin bir par\u00e7as\u0131 olarak ortaya \u00e7\u0131k\u0131yor&#8221; \u00e7\u0131klamas\u0131nda bulunan D\u0131\u015fi\u015fleri Bakanl\u0131\u011f\u0131, &#8221;Siyonist \u00e7evrelerin, Birle\u015fmi\u015f Milletler&#8217;in insani hizmet y\u00fcr\u00fcten \u00f6nemli kurulu\u015flar\u0131ndan birini ter\u00f6rizm olarak nitelendirerek su\u00e7lad\u0131\u011f\u0131 yalan ve utan\u00e7 verici iddialar, daha sonra Birle\u015fmi\u015f Milletler&#8217;in de ter\u00f6rle su\u00e7lanmas\u0131na yol a\u00e7acakt\u0131r&#8221; dedi.<\/p>\n<p style=\"text-align: justify;\">Bakanl\u0131k a\u00e7\u0131klamas\u0131n\u0131 \u015fu ifadelerle tamamlad\u0131: &#8221;1940&#8217;l\u0131 y\u0131llar\u0131n sonundan bu yana yar\u0131m milyona yak\u0131n Filistinliye ev sahipli\u011fi yapan Suriye Arap Cumhuriyeti, 70 y\u0131l\u0131 a\u015fk\u0131n s\u00fcredir UNRWA&#8217;ya destek veren d\u00fcnyadaki t\u00fcm \u00fclkelere bu t\u00fcr Siyonist kararlar\u0131 k\u0131nama ve UNRWA&#8217;ya siyasi ve mali deste\u011fini s\u00fcrd\u00fcrmesi \u00e7a\u011fr\u0131s\u0131nda bulunuyor. Suriye, UNRWA&#8217;n\u0131n i\u015fgal alt\u0131ndaki Filistin&#8217;deki ve kom\u015fu Arap \u00fclkelerindeki i\u015fyerleri d\u0131\u015f\u0131ndaki faaliyetlerine deste\u011fini yineledi.&#8221;<\/p>\n<p style=\"text-align: center;\"><strong><a href=\"https:\/\/t.me\/SuriyeArapHaberAjansI\">Telegram Kanal\u0131m\u0131z\u00a0<\/a>||<a href=\"https:\/\/twitter.com\/arap_ajans\">X Platformumuz\u00a0<\/a>||<a href=\"https:\/\/www.facebook.com\/SANAHaberAjansi\/\">Facebook Sayfam\u0131z<\/a><\/strong><\/p>\n","protected":false},"excerpt":{"rendered":"<p>\u015eAM (SANA) &#8211; Suriye, \u0130srail i\u015fgal varl\u0131\u011f\u0131n\u0131n UNRWA&#8217;y\u0131 ter\u00f6rizm uygulamakla su\u00e7lamas\u0131n\u0131 \u015fiddetle k\u0131nayarak, bunun, kurulu\u015fun, te\u015fkilat\u0131n rol\u00fcne son verme, Gazze ve Bat\u0131 \u015eeria&#8217;da i\u015fledi\u011fi su\u00e7lar\u0131 \u00f6rtbas etme ve diasporadaki Filistinli m\u00fcltecilerin haklar\u0131n\u0131 tasfiye etme giri\u015fimlerinin bir par\u00e7as\u0131 oldu\u011funa dikkat \u00e7ekti. D\u0131\u015fi\u015fleri ve Gurbet\u00e7iler Bakanl\u0131\u011f\u0131&#8217;ndan bug\u00fcn bir kopyas\u0131 SANA&#8217;ya ula\u015fan a\u00e7\u0131klama: &#8221;K\u00f6t\u00fc \u015f\u00f6hretli s\u00f6zde &#8220;\u0130srail Knesset&#8221;i, &hellip;<\/p>\n","protected":false},"author":41,"featured_media":305537,"comment_status":"closed","ping_status":"closed","sticky":false,"template":"","format":"standard","meta":{"footnotes":""},"categories":[479,17988,478],"tags":[41940,42005,42003,42004],"class_list":["post-305536","post","type-post","status-publish","format-standard","has-post-thumbnail","","category-haberler-yerel","category-son-haberler","category-yerel","tag-birlesmis-milletler-filistinli-multecilere-yardim-ve-bayindirlik-ajansi","tag-israil-isgal-orgutunun-unrwayi-terorizm-uygulamakla-suclamasi","tag-multecilerin-haklarini-tasfiye-etme","tag-unrwaya-siyasi-ve-mali-destegi"],"_links":{"self":[{"href":"https:\/\/archive.sana.sy\/tr\/index.php?rest_route=\/wp\/v2\/posts\/305536","targetHints":{"allow":["GET"]}}],"collection":[{"href":"https:\/\/archive.sana.sy\/tr\/index.php?rest_route=\/wp\/v2\/posts"}],"about":[{"href":"https:\/\/archive.sana.sy\/tr\/index.php?rest_route=\/wp\/v2\/types\/post"}],"author":[{"embeddable":true,"href":"https:\/\/archive.sana.sy\/tr\/index.php?rest_route=\/wp\/v2\/users\/41"}],"replies":[{"embeddable":true,"href":"https:\/\/archive.sana.sy\/tr\/index.php?rest_route=%2Fwp%2Fv2%2Fcomments&post=305536"}],"version-history":[{"count":3,"href":"https:\/\/archive.sana.sy\/tr\/index.php?rest_route=\/wp\/v2\/posts\/305536\/revisions"}],"predecessor-version":[{"id":305553,"href":"https:\/\/archive.sana.sy\/tr\/index.php?rest_route=\/wp\/v2\/posts\/305536\/revisions\/305553"}],"wp:featuredmedia":[{"embeddable":true,"href":"https:\/\/archive.sana.sy\/tr\/index.php?rest_route=\/wp\/v2\/media\/305537"}],"wp:attachment":[{"href":"https:\/\/archive.sana.sy\/tr\/index.php?rest_route=%2Fwp%2Fv2%2Fmedia&parent=305536"}],"wp:term":[{"taxonomy":"category","embeddable":true,"href":"https:\/\/archive.sana.sy\/tr\/index.php?rest_route=%2Fwp%2Fv2%2Fcategories&post=305536"},{"taxonomy":"post_tag","embeddable":true,"href":"https:\/\/archive.sana.sy\/tr\/index.php?rest_route=%2Fwp%2Fv2%2Ftags&post=305536"}],"curies":[{"name":"wp","href":"https:\/\/api.w.org\/{rel}","templated":true}]}}