{"id":305540,"date":"2024-07-24T05:53:31","date_gmt":"2024-07-24T02:53:31","guid":{"rendered":"https:\/\/sana.sy\/tr\/?p=305540"},"modified":"2024-07-27T08:57:58","modified_gmt":"2024-07-27T05:57:58","slug":"lavrov-moskovanin-suriyenin-egemenligine-birligine-ve-toprak-butunlugune-verdigi-destegi-yineledi","status":"publish","type":"post","link":"https:\/\/archive.sana.sy\/tr\/?p=305540","title":{"rendered":"Lavrov, Moskova&#8217;n\u0131n Suriye&#8217;nin Egemenli\u011fine, Birli\u011fine Ve Toprak B\u00fct\u00fcnl\u00fc\u011f\u00fcne Verdi\u011fi Deste\u011fi Yineledi"},"content":{"rendered":"<p style=\"text-align: justify;\"><strong>MOSKOVA <\/strong><strong>(SANA)<\/strong> &#8211; Rusya D\u0131\u015fi\u015fleri Bakan\u0131 Sergey Lavrov, \u00fclkesinin Suriye&#8217;nin egemenli\u011fine, toprak b\u00fct\u00fcnl\u00fc\u011f\u00fcne ve siyasi ba\u011f\u0131ms\u0131zl\u0131\u011f\u0131na verdi\u011fi deste\u011fi yineledi.<\/p>\n<p style=\"text-align: justify;\">Lavrov Rusya D\u0131\u015fi\u015fleri Bakanl\u0131\u011f\u0131 Diplomasi Akademisi ve Moskova&#8217;daki Suriye B\u00fcy\u00fckel\u00e7ili\u011fi taraf\u0131ndan iki \u00fclke aras\u0131nda diplomatik ili\u015fkilerin kurulmas\u0131n\u0131n 80. y\u0131ld\u00f6n\u00fcm\u00fc m\u00fcnasebetiyle bug\u00fcn d\u00fczenlenen yuvarlak masa toplant\u0131s\u0131n\u0131n organizat\u00f6rlerine ve konuklar\u0131na hitaben bir tebrik mesaj\u0131nda \u200b\u200b\u015funlar\u0131 s\u00f6yledi: &#8220;Moskova ile \u015eam aras\u0131ndaki ili\u015fkilerin zengin tarihi, Sovyetler Birli\u011fi&#8217;nin ve daha sonra Rusya Federasyonu&#8217;nun her zaman Suriye Arap Cumhuriyeti&#8217;nin egemenli\u011fini, toprak b\u00fct\u00fcnl\u00fc\u011f\u00fcn\u00fc ve siyasi ba\u011f\u0131ms\u0131zl\u0131\u011f\u0131n\u0131 destekledi\u011fini a\u00e7\u0131k\u00e7a g\u00f6steriyor.&#8221;<\/p>\n<p style=\"text-align: justify;\">Lavrov mesaj\u0131nda ayr\u0131ca, &#8221;Rusya&#8217;n\u0131n, BM G\u00fcvenlik Konseyi kararlar\u0131nda \u00f6ng\u00f6r\u00fcld\u00fc\u011f\u00fc gibi, d\u0131\u015far\u0131dan herhangi bir m\u00fcdahale olmaks\u0131z\u0131n Suriye halk\u0131n\u0131n kendi kaderine karar verme hakk\u0131n\u0131 destekleyen tutumuna kararl\u0131l\u0131kla ba\u011fl\u0131l\u0131\u011f\u0131n\u0131 vurgulayarak&#8221; dedi.<\/p>\n<p style=\"text-align: justify;\">&#8220;Moskova ve \u015eam, ikili ili\u015fkilerin geli\u015fiminin mevcut a\u015famas\u0131nda, uluslararas\u0131 g\u00fcndemdeki t\u00fcm temel konulara ili\u015fkin ad\u0131mlar\u0131 yak\u0131ndan koordine ediyor&#8221; diyen Lavrov, mevcut karma\u015f\u0131k jeopolitik ko\u015fullar \u0131\u015f\u0131\u011f\u0131nda bu kar\u015f\u0131l\u0131kl\u0131 deste\u011fin \u00f6nemini vurgulad\u0131.<\/p>\n<p style=\"text-align: justify;\">Rusya D\u0131\u015fi\u015fleri Bakan\u0131, bug\u00fcn d\u00fczenlenen bu etkinli\u011fin &#8220;Rus ve Suriye halklar\u0131 aras\u0131ndaki dostlu\u011fu ve g\u00fcveni g\u00fc\u00e7lendirmek&#8221; a\u00e7\u0131s\u0131ndan \u00f6nemine dikkat \u00e7ekerken de, &#8220;Kat\u0131l\u0131mc\u0131lar aras\u0131nda Rusya-Suriye i\u015fbirli\u011fini peki\u015ftirmek ve dost Suriye&#8217;deki kriz durumlar\u0131n\u0131 a\u015fmak i\u00e7in \u00e7ok \u015fey yapm\u0131\u015f uzmanlar\u0131n bulundu\u011funu&#8221; kaydetti.<\/p>\n<p style=\"text-align: center;\"><strong><a href=\"https:\/\/t.me\/SuriyeArapHaberAjansI\">Telegram Kanal\u0131m\u0131z\u00a0<\/a>||<a href=\"https:\/\/twitter.com\/arap_ajans\">X Platformumuz\u00a0<\/a>||<a href=\"https:\/\/www.facebook.com\/SANAHaberAjansi\/\">Facebook Sayfam\u0131z<\/a><\/strong><\/p>\n","protected":false},"excerpt":{"rendered":"<p>MOSKOVA (SANA) &#8211; Rusya D\u0131\u015fi\u015fleri Bakan\u0131 Sergey Lavrov, \u00fclkesinin Suriye&#8217;nin egemenli\u011fine, toprak b\u00fct\u00fcnl\u00fc\u011f\u00fcne ve siyasi ba\u011f\u0131ms\u0131zl\u0131\u011f\u0131na verdi\u011fi deste\u011fi yineledi. Lavrov Rusya D\u0131\u015fi\u015fleri Bakanl\u0131\u011f\u0131 Diplomasi Akademisi ve Moskova&#8217;daki Suriye B\u00fcy\u00fckel\u00e7ili\u011fi taraf\u0131ndan iki \u00fclke aras\u0131nda diplomatik ili\u015fkilerin kurulmas\u0131n\u0131n 80. y\u0131ld\u00f6n\u00fcm\u00fc m\u00fcnasebetiyle bug\u00fcn d\u00fczenlenen yuvarlak masa toplant\u0131s\u0131n\u0131n organizat\u00f6rlerine ve konuklar\u0131na hitaben bir tebrik mesaj\u0131nda \u200b\u200b\u015funlar\u0131 s\u00f6yledi: &#8220;Moskova ile &hellip;<\/p>\n","protected":false},"author":39,"featured_media":305541,"comment_status":"closed","ping_status":"closed","sticky":false,"template":"","format":"standard","meta":{"footnotes":""},"categories":[458,459,17988],"tags":[],"class_list":["post-305540","post","type-post","status-publish","format-standard","has-post-thumbnail","","category-dunya1","category-haberler-arap-uluslararasi-politika","category-son-haberler"],"_links":{"self":[{"href":"https:\/\/archive.sana.sy\/tr\/index.php?rest_route=\/wp\/v2\/posts\/305540","targetHints":{"allow":["GET"]}}],"collection":[{"href":"https:\/\/archive.sana.sy\/tr\/index.php?rest_route=\/wp\/v2\/posts"}],"about":[{"href":"https:\/\/archive.sana.sy\/tr\/index.php?rest_route=\/wp\/v2\/types\/post"}],"author":[{"embeddable":true,"href":"https:\/\/archive.sana.sy\/tr\/index.php?rest_route=\/wp\/v2\/users\/39"}],"replies":[{"embeddable":true,"href":"https:\/\/archive.sana.sy\/tr\/index.php?rest_route=%2Fwp%2Fv2%2Fcomments&post=305540"}],"version-history":[{"count":1,"href":"https:\/\/archive.sana.sy\/tr\/index.php?rest_route=\/wp\/v2\/posts\/305540\/revisions"}],"predecessor-version":[{"id":305542,"href":"https:\/\/archive.sana.sy\/tr\/index.php?rest_route=\/wp\/v2\/posts\/305540\/revisions\/305542"}],"wp:featuredmedia":[{"embeddable":true,"href":"https:\/\/archive.sana.sy\/tr\/index.php?rest_route=\/wp\/v2\/media\/305541"}],"wp:attachment":[{"href":"https:\/\/archive.sana.sy\/tr\/index.php?rest_route=%2Fwp%2Fv2%2Fmedia&parent=305540"}],"wp:term":[{"taxonomy":"category","embeddable":true,"href":"https:\/\/archive.sana.sy\/tr\/index.php?rest_route=%2Fwp%2Fv2%2Fcategories&post=305540"},{"taxonomy":"post_tag","embeddable":true,"href":"https:\/\/archive.sana.sy\/tr\/index.php?rest_route=%2Fwp%2Fv2%2Ftags&post=305540"}],"curies":[{"name":"wp","href":"https:\/\/api.w.org\/{rel}","templated":true}]}}