{"id":305543,"date":"2024-07-24T10:30:33","date_gmt":"2024-07-24T07:30:33","guid":{"rendered":"https:\/\/sana.sy\/tr\/?p=305543"},"modified":"2024-07-27T08:58:14","modified_gmt":"2024-07-27T05:58:14","slug":"isgalci-israilin-gazze-seridinde-cesitli-bolgeleri-bombalamasi-sonucu-sehit-ve-yaralilar","status":"publish","type":"post","link":"https:\/\/archive.sana.sy\/tr\/?p=305543","title":{"rendered":"\u0130\u015fgalci \u0130srail&#8217;in Gazze \u015eeridi&#8217;nde \u00c7e\u015fitli B\u00f6lgeleri Bombalamas\u0131 Sonucu \u015eehit Ve Yaral\u0131lar"},"content":{"rendered":"<p style=\"text-align: justify;\"><strong>\u0130\u015eGAL ED\u0130LEN KUD\u00dcS (SANA) \u2013<\/strong> \u0130\u015fgalci \u0130srail&#8217;in Gazze \u015eeridi&#8217;nin farkl\u0131 b\u00f6lgelerini bombalamas\u0131 sonucu bug\u00fcn \u00e7ok say\u0131da Filistinli \u015fehit d\u00fc\u015ft\u00fc ve yaraland\u0131.<\/p>\n<p style=\"text-align: justify;\">WAFA Haber Ajans\u0131, \u0130srail i\u015fgal u\u00e7aklar\u0131n\u0131n Gazze \u015eeridi&#8217;nin kuzeyindeki Cebeliye&#8217;deki El Crn b\u00f6lgesinde bir evi bombalayarak 5 Filistinliyi \u015fehit d\u00fc\u015ft\u00fc\u011f\u00fcn\u00fc, di\u011ferlerini de yaralad\u0131\u011f\u0131n\u0131 belirtirken, Gazze \u015fehrinin g\u00fcneybat\u0131s\u0131ndaki Tel El Hava mahallesini ve Gazze \u015eeridi&#8217;nin merkezindeki Bureij ve Nuseyrat kamplar\u0131n\u0131 da bombalad\u0131\u011f\u0131na i\u015faret etti.<\/p>\n<p style=\"text-align: justify;\">Ajans ayr\u0131ca, i\u015fgal g\u00fc\u00e7lerinin, Gazze \u015eeridi&#8217;nin g\u00fcneyindeki Han Yunus \u015fehrinin kuzeydo\u011fusundaki El Karara kasabas\u0131ndaki konutlar\u0131 bombalad\u0131\u011f\u0131n\u0131, ara\u00e7lar\u0131n\u0131n da top\u00e7u bombard\u0131man\u0131 s\u0131ras\u0131nda Beni S\u00fcheyle kasabas\u0131ndaki evlere yo\u011fun ate\u015f a\u00e7t\u0131\u011f\u0131n\u0131, Gazze \u015eeridi&#8217;nin g\u00fcneyindeki Refah \u015fehrinin bat\u0131s\u0131ndaki evleri de bombalad\u0131\u011f\u0131n\u0131 belirtti.<\/p>\n<p style=\"text-align: center;\"><strong><a href=\"https:\/\/t.me\/SuriyeArapHaberAjansI\">Telegram Kanal\u0131m\u0131z\u00a0<\/a>||<a href=\"https:\/\/twitter.com\/arap_ajans\">X Platformumuz\u00a0<\/a>||<a href=\"https:\/\/www.facebook.com\/SANAHaberAjansi\/\">Facebook Sayfam\u0131z<\/a><\/strong><\/p>\n","protected":false},"excerpt":{"rendered":"<p>\u0130\u015eGAL ED\u0130LEN KUD\u00dcS (SANA) \u2013 \u0130\u015fgalci \u0130srail&#8217;in Gazze \u015eeridi&#8217;nin farkl\u0131 b\u00f6lgelerini bombalamas\u0131 sonucu bug\u00fcn \u00e7ok say\u0131da Filistinli \u015fehit d\u00fc\u015ft\u00fc ve yaraland\u0131. WAFA Haber Ajans\u0131, \u0130srail i\u015fgal u\u00e7aklar\u0131n\u0131n Gazze \u015eeridi&#8217;nin kuzeyindeki Cebeliye&#8217;deki El Crn b\u00f6lgesinde bir evi bombalayarak 5 Filistinliyi \u015fehit d\u00fc\u015ft\u00fc\u011f\u00fcn\u00fc, di\u011ferlerini de yaralad\u0131\u011f\u0131n\u0131 belirtirken, Gazze \u015fehrinin g\u00fcneybat\u0131s\u0131ndaki Tel El Hava mahallesini ve Gazze \u015eeridi&#8217;nin &hellip;<\/p>\n","protected":false},"author":39,"featured_media":305546,"comment_status":"closed","ping_status":"closed","sticky":false,"template":"","format":"standard","meta":{"footnotes":""},"categories":[458,459,17988],"tags":[],"class_list":["post-305543","post","type-post","status-publish","format-standard","has-post-thumbnail","","category-dunya1","category-haberler-arap-uluslararasi-politika","category-son-haberler"],"_links":{"self":[{"href":"https:\/\/archive.sana.sy\/tr\/index.php?rest_route=\/wp\/v2\/posts\/305543","targetHints":{"allow":["GET"]}}],"collection":[{"href":"https:\/\/archive.sana.sy\/tr\/index.php?rest_route=\/wp\/v2\/posts"}],"about":[{"href":"https:\/\/archive.sana.sy\/tr\/index.php?rest_route=\/wp\/v2\/types\/post"}],"author":[{"embeddable":true,"href":"https:\/\/archive.sana.sy\/tr\/index.php?rest_route=\/wp\/v2\/users\/39"}],"replies":[{"embeddable":true,"href":"https:\/\/archive.sana.sy\/tr\/index.php?rest_route=%2Fwp%2Fv2%2Fcomments&post=305543"}],"version-history":[{"count":1,"href":"https:\/\/archive.sana.sy\/tr\/index.php?rest_route=\/wp\/v2\/posts\/305543\/revisions"}],"predecessor-version":[{"id":305545,"href":"https:\/\/archive.sana.sy\/tr\/index.php?rest_route=\/wp\/v2\/posts\/305543\/revisions\/305545"}],"wp:featuredmedia":[{"embeddable":true,"href":"https:\/\/archive.sana.sy\/tr\/index.php?rest_route=\/wp\/v2\/media\/305546"}],"wp:attachment":[{"href":"https:\/\/archive.sana.sy\/tr\/index.php?rest_route=%2Fwp%2Fv2%2Fmedia&parent=305543"}],"wp:term":[{"taxonomy":"category","embeddable":true,"href":"https:\/\/archive.sana.sy\/tr\/index.php?rest_route=%2Fwp%2Fv2%2Fcategories&post=305543"},{"taxonomy":"post_tag","embeddable":true,"href":"https:\/\/archive.sana.sy\/tr\/index.php?rest_route=%2Fwp%2Fv2%2Ftags&post=305543"}],"curies":[{"name":"wp","href":"https:\/\/api.w.org\/{rel}","templated":true}]}}