{"id":305558,"date":"2024-07-24T15:46:24","date_gmt":"2024-07-24T12:46:24","guid":{"rendered":"https:\/\/sana.sy\/tr\/?p=305558"},"modified":"2024-07-27T08:58:19","modified_gmt":"2024-07-27T05:58:19","slug":"isgalin-gazze-seridindeki-imha-savasina-baslamasindan-bu-yana-39-bin-145-sehit","status":"publish","type":"post","link":"https:\/\/archive.sana.sy\/tr\/?p=305558","title":{"rendered":"\u0130\u015fgalin Gazze \u015eeridi&#8217;ndeki \u0130mha Sava\u015f\u0131na Ba\u015flamas\u0131ndan Bu Yana 39 Bin 145 \u015eehit"},"content":{"rendered":"<p style=\"text-align: justify;\"><strong>\u0130\u015eGAL ED\u0130LEN KUD\u00dcS (SANA)<\/strong> &#8211;\u00a0 Filistin Sa\u011fl\u0131k Bakanl\u0131\u011f\u0131, i\u015fgalci \u0130srail\u2019in Gazze \u015eeridi&#8217;nde son 24 saatte 3 katliam ger\u00e7ekle\u015ftirdi\u011fini, 55 \u015fehit ve 110 yaral\u0131n\u0131n kald\u0131\u011f\u0131n\u0131 duyurdu.<\/p>\n<p style=\"text-align: justify;\">Bakanl\u0131k bug\u00fcn yapt\u0131\u011f\u0131 a\u00e7\u0131klamada \u015funlar\u0131 s\u00f6yledi: \u2018\u2019Gazze \u015eeridi&#8217;nde 292&#8217;nci g\u00fcn\u00fcnde devam eden i\u015fgal sald\u0131r\u0131s\u0131nda \u015fehit say\u0131s\u0131 39 bin 145&#8217;e, yaral\u0131 say\u0131s\u0131 ise 90 bin 257&#8217;ye y\u00fckseldi. \u00c7ok say\u0131da ma\u011fdur halen enkaz alt\u0131nda ve yollardayken, ambulans ve sivil savunma ekipleri onlara ula\u015fam\u0131yor.\u2019\u2019<\/p>\n<p style=\"text-align: justify;\">Bug\u00fcn erken saatlerde Gazze \u015eeridi&#8217;nin \u00e7e\u015fitli b\u00f6lgelerine d\u00fczenlenen i\u015fgal bombard\u0131man\u0131 sonucu da \u00a0onlarca Filistinli \u015fehit oldu ve yaraland\u0131.<\/p>\n<p style=\"text-align: center;\"><strong><a href=\"https:\/\/t.me\/SuriyeArapHaberAjansI\">Telegram Kanal\u0131m\u0131z\u00a0<\/a>||<a href=\"https:\/\/twitter.com\/arap_ajans\">X Platformumuz\u00a0<\/a>||<a href=\"https:\/\/www.facebook.com\/SANAHaberAjansi\/\">Facebook Sayfam\u0131z<\/a><\/strong><\/p>\n","protected":false},"excerpt":{"rendered":"<p>\u0130\u015eGAL ED\u0130LEN KUD\u00dcS (SANA) &#8211;\u00a0 Filistin Sa\u011fl\u0131k Bakanl\u0131\u011f\u0131, i\u015fgalci \u0130srail\u2019in Gazze \u015eeridi&#8217;nde son 24 saatte 3 katliam ger\u00e7ekle\u015ftirdi\u011fini, 55 \u015fehit ve 110 yaral\u0131n\u0131n kald\u0131\u011f\u0131n\u0131 duyurdu. Bakanl\u0131k bug\u00fcn yapt\u0131\u011f\u0131 a\u00e7\u0131klamada \u015funlar\u0131 s\u00f6yledi: \u2018\u2019Gazze \u015eeridi&#8217;nde 292&#8217;nci g\u00fcn\u00fcnde devam eden i\u015fgal sald\u0131r\u0131s\u0131nda \u015fehit say\u0131s\u0131 39 bin 145&#8217;e, yaral\u0131 say\u0131s\u0131 ise 90 bin 257&#8217;ye y\u00fckseldi. \u00c7ok say\u0131da ma\u011fdur halen &hellip;<\/p>\n","protected":false},"author":41,"featured_media":305560,"comment_status":"closed","ping_status":"closed","sticky":false,"template":"","format":"standard","meta":{"footnotes":""},"categories":[458,459,17988],"tags":[],"class_list":["post-305558","post","type-post","status-publish","format-standard","has-post-thumbnail","","category-dunya1","category-haberler-arap-uluslararasi-politika","category-son-haberler"],"_links":{"self":[{"href":"https:\/\/archive.sana.sy\/tr\/index.php?rest_route=\/wp\/v2\/posts\/305558","targetHints":{"allow":["GET"]}}],"collection":[{"href":"https:\/\/archive.sana.sy\/tr\/index.php?rest_route=\/wp\/v2\/posts"}],"about":[{"href":"https:\/\/archive.sana.sy\/tr\/index.php?rest_route=\/wp\/v2\/types\/post"}],"author":[{"embeddable":true,"href":"https:\/\/archive.sana.sy\/tr\/index.php?rest_route=\/wp\/v2\/users\/41"}],"replies":[{"embeddable":true,"href":"https:\/\/archive.sana.sy\/tr\/index.php?rest_route=%2Fwp%2Fv2%2Fcomments&post=305558"}],"version-history":[{"count":2,"href":"https:\/\/archive.sana.sy\/tr\/index.php?rest_route=\/wp\/v2\/posts\/305558\/revisions"}],"predecessor-version":[{"id":305561,"href":"https:\/\/archive.sana.sy\/tr\/index.php?rest_route=\/wp\/v2\/posts\/305558\/revisions\/305561"}],"wp:featuredmedia":[{"embeddable":true,"href":"https:\/\/archive.sana.sy\/tr\/index.php?rest_route=\/wp\/v2\/media\/305560"}],"wp:attachment":[{"href":"https:\/\/archive.sana.sy\/tr\/index.php?rest_route=%2Fwp%2Fv2%2Fmedia&parent=305558"}],"wp:term":[{"taxonomy":"category","embeddable":true,"href":"https:\/\/archive.sana.sy\/tr\/index.php?rest_route=%2Fwp%2Fv2%2Fcategories&post=305558"},{"taxonomy":"post_tag","embeddable":true,"href":"https:\/\/archive.sana.sy\/tr\/index.php?rest_route=%2Fwp%2Fv2%2Ftags&post=305558"}],"curies":[{"name":"wp","href":"https:\/\/api.w.org\/{rel}","templated":true}]}}