{"id":305563,"date":"2024-07-24T15:00:04","date_gmt":"2024-07-24T12:00:04","guid":{"rendered":"https:\/\/sana.sy\/tr\/?p=305563"},"modified":"2024-07-27T08:58:15","modified_gmt":"2024-07-27T05:58:15","slug":"amerikan-polisi-kongre-binasi-onunde-duzinelerce-filistin-yanlisi-gostericiyi-tutukladi","status":"publish","type":"post","link":"https:\/\/archive.sana.sy\/tr\/?p=305563","title":{"rendered":"Amerikan Polisi Kongre Binas\u0131 \u00d6n\u00fcnde D\u00fczinelerce Filistin Yanl\u0131s\u0131 G\u00f6stericiyi Tutuklad\u0131"},"content":{"rendered":"<p style=\"text-align: justify;\"><strong>NEW YORK (SANA)<\/strong> &#8211; Amerikan polisi, \u0130srail&#8217;in Gazze \u015eeridi&#8217;ne y\u00f6nelik devam eden ac\u0131mas\u0131z sald\u0131rganl\u0131\u011f\u0131n\u0131 ve Amerika&#8217;n\u0131n \u0130srail&#8217;e askeri deste\u011fini protesto etmek i\u00e7in Kongre binas\u0131n\u0131n \u00f6n\u00fcnde ve i\u00e7inde toplanan d\u00fczinelerce g\u00f6stericiyi tutuklad\u0131.<\/p>\n<p style=\"text-align: justify;\">Reuters, &#8220;Bar\u0131\u015f i\u00e7in Yahudi Sesi&#8221; grubunun d\u00fczenledi\u011fi protestoya kat\u0131lan y\u00fczlerce ki\u015fiden 250&#8217;den fazla g\u00f6sterici tutukland\u0131. G\u00f6stericiler, &#8220;Bizim ad\u0131m\u0131za de\u011fil&#8221; ve &#8220;\u0130srail&#8217;i silahland\u0131rmay\u0131 b\u0131rak\u0131n&#8221; yaz\u0131l\u0131 k\u0131rm\u0131z\u0131 ti\u015f\u00f6rtler giyerken, baz\u0131lar\u0131 da &#8220;Hemen ate\u015fkes&#8221; ve &#8220;Gazze Ya\u015fas\u0131n&#8221; yaz\u0131l\u0131 pankartlar ta\u015f\u0131d\u0131\u2019\u2019 dedi.<\/p>\n<p style=\"text-align: justify;\">Grup, sosyal medyadaki bir g\u00f6nderisinde, &#8220;Ge\u00e7ti\u011fimiz dokuz ay boyunca, Gazze&#8217;de ABD h\u00fck\u00fcmeti taraf\u0131ndan ger\u00e7ekle\u015ftirilen ve finanse edilen say\u0131s\u0131z zulme tan\u0131k olduk&#8221; dedi.<\/p>\n<p style=\"text-align: justify;\">Protestolar\u0131n, \u0130srail Varl\u0131\u011f\u0131\u2019n\u0131n Ba\u015fbakan\u0131 Binyamin Netanyahu&#8217;nun ABD Ba\u015fkan\u0131 Joe Biden ve Ba\u015fkan Yard\u0131mc\u0131s\u0131 Kamala Harris ile g\u00f6r\u00fc\u015fmek \u00fczere Va\u015fington&#8217;a yapt\u0131\u011f\u0131 ziyaretle ayn\u0131 zamana denk gelmesi planlan\u0131yordu.<\/p>\n<p style=\"text-align: center;\"><strong><a href=\"https:\/\/t.me\/SuriyeArapHaberAjansI\">Telegram Kanal\u0131m\u0131z\u00a0<\/a>||<a href=\"https:\/\/twitter.com\/arap_ajans\">X Platformumuz\u00a0<\/a>||<a href=\"https:\/\/www.facebook.com\/SANAHaberAjansi\/\">Facebook Sayfam\u0131z<\/a><\/strong><\/p>\n","protected":false},"excerpt":{"rendered":"<p>NEW YORK (SANA) &#8211; Amerikan polisi, \u0130srail&#8217;in Gazze \u015eeridi&#8217;ne y\u00f6nelik devam eden ac\u0131mas\u0131z sald\u0131rganl\u0131\u011f\u0131n\u0131 ve Amerika&#8217;n\u0131n \u0130srail&#8217;e askeri deste\u011fini protesto etmek i\u00e7in Kongre binas\u0131n\u0131n \u00f6n\u00fcnde ve i\u00e7inde toplanan d\u00fczinelerce g\u00f6stericiyi tutuklad\u0131. Reuters, &#8220;Bar\u0131\u015f i\u00e7in Yahudi Sesi&#8221; grubunun d\u00fczenledi\u011fi protestoya kat\u0131lan y\u00fczlerce ki\u015fiden 250&#8217;den fazla g\u00f6sterici tutukland\u0131. G\u00f6stericiler, &#8220;Bizim ad\u0131m\u0131za de\u011fil&#8221; ve &#8220;\u0130srail&#8217;i silahland\u0131rmay\u0131 b\u0131rak\u0131n&#8221; yaz\u0131l\u0131 &hellip;<\/p>\n","protected":false},"author":41,"featured_media":305564,"comment_status":"closed","ping_status":"closed","sticky":false,"template":"","format":"standard","meta":{"footnotes":""},"categories":[458,459,17988],"tags":[42006],"class_list":["post-305563","post","type-post","status-publish","format-standard","has-post-thumbnail","","category-dunya1","category-haberler-arap-uluslararasi-politika","category-son-haberler","tag-amerikan-polisi-kongre-binasi-onunde-duzinelerce-filistin-yanlisi-gostericiyi-tutukladi"],"_links":{"self":[{"href":"https:\/\/archive.sana.sy\/tr\/index.php?rest_route=\/wp\/v2\/posts\/305563","targetHints":{"allow":["GET"]}}],"collection":[{"href":"https:\/\/archive.sana.sy\/tr\/index.php?rest_route=\/wp\/v2\/posts"}],"about":[{"href":"https:\/\/archive.sana.sy\/tr\/index.php?rest_route=\/wp\/v2\/types\/post"}],"author":[{"embeddable":true,"href":"https:\/\/archive.sana.sy\/tr\/index.php?rest_route=\/wp\/v2\/users\/41"}],"replies":[{"embeddable":true,"href":"https:\/\/archive.sana.sy\/tr\/index.php?rest_route=%2Fwp%2Fv2%2Fcomments&post=305563"}],"version-history":[{"count":1,"href":"https:\/\/archive.sana.sy\/tr\/index.php?rest_route=\/wp\/v2\/posts\/305563\/revisions"}],"predecessor-version":[{"id":305565,"href":"https:\/\/archive.sana.sy\/tr\/index.php?rest_route=\/wp\/v2\/posts\/305563\/revisions\/305565"}],"wp:featuredmedia":[{"embeddable":true,"href":"https:\/\/archive.sana.sy\/tr\/index.php?rest_route=\/wp\/v2\/media\/305564"}],"wp:attachment":[{"href":"https:\/\/archive.sana.sy\/tr\/index.php?rest_route=%2Fwp%2Fv2%2Fmedia&parent=305563"}],"wp:term":[{"taxonomy":"category","embeddable":true,"href":"https:\/\/archive.sana.sy\/tr\/index.php?rest_route=%2Fwp%2Fv2%2Fcategories&post=305563"},{"taxonomy":"post_tag","embeddable":true,"href":"https:\/\/archive.sana.sy\/tr\/index.php?rest_route=%2Fwp%2Fv2%2Ftags&post=305563"}],"curies":[{"name":"wp","href":"https:\/\/api.w.org\/{rel}","templated":true}]}}