{"id":305573,"date":"2024-07-24T17:22:26","date_gmt":"2024-07-24T14:22:26","guid":{"rendered":"https:\/\/sana.sy\/tr\/?p=305573"},"modified":"2024-07-27T08:58:25","modified_gmt":"2024-07-27T05:58:25","slug":"berevan","status":"publish","type":"post","link":"https:\/\/archive.sana.sy\/tr\/?p=305573","title":{"rendered":"Suriye \u0130le Ermenistan Aras\u0131nda Ortak H\u00fck\u00fcmet Komitesi Toplant\u0131s\u0131 Yap\u0131lmas\u0131na Y\u00f6nelik Haz\u0131rl\u0131klar G\u00f6r\u00fc\u015f\u00fcld\u00fc"},"content":{"rendered":"<p style=\"text-align: justify;\"><strong>BREVAN (SANA)<\/strong> &#8211; Ermenistan Ekonomi Bakan\u0131 Kevork Babuyan ve Suriye&#8217;nin Ermenistan B\u00fcy\u00fckel\u00e7isi Nura Arisyan, Suriye ile Ermenistan aras\u0131nda ortak h\u00fck\u00fcmet komitesi toplant\u0131s\u0131 yap\u0131lmas\u0131na y\u00f6nelik haz\u0131rl\u0131klar\u0131 g\u00f6r\u00fc\u015ft\u00fc.<\/p>\n<p style=\"text-align: justify;\">G\u00f6r\u00fc\u015fmede, iki \u00fclke aras\u0131nda turizm ve tar\u0131m sekt\u00f6rlerindeki i\u015fbirliklerinin yan\u0131 s\u0131ra ekonomik ve ticari i\u015f birli\u011fi ile i\u015f adamlar\u0131 aras\u0131ndaki koordinasyonun etkinle\u015ftirilmesi yollar\u0131 ele al\u0131nd\u0131.<\/p>\n<p style=\"text-align: center;\"><strong><a href=\"https:\/\/t.me\/SuriyeArapHaberAjansI\">Telegram Kanal\u0131m\u0131z\u00a0<\/a>||<a href=\"https:\/\/twitter.com\/arap_ajans\">X Platformumuz\u00a0<\/a>||<a href=\"https:\/\/www.facebook.com\/SANAHaberAjansi\/\">Facebook Sayfam\u0131z<\/a><\/strong><\/p>\n","protected":false},"excerpt":{"rendered":"<p>BREVAN (SANA) &#8211; Ermenistan Ekonomi Bakan\u0131 Kevork Babuyan ve Suriye&#8217;nin Ermenistan B\u00fcy\u00fckel\u00e7isi Nura Arisyan, Suriye ile Ermenistan aras\u0131nda ortak h\u00fck\u00fcmet komitesi toplant\u0131s\u0131 yap\u0131lmas\u0131na y\u00f6nelik haz\u0131rl\u0131klar\u0131 g\u00f6r\u00fc\u015ft\u00fc. G\u00f6r\u00fc\u015fmede, iki \u00fclke aras\u0131nda turizm ve tar\u0131m sekt\u00f6rlerindeki i\u015fbirliklerinin yan\u0131 s\u0131ra ekonomik ve ticari i\u015f birli\u011fi ile i\u015f adamlar\u0131 aras\u0131ndaki koordinasyonun etkinle\u015ftirilmesi yollar\u0131 ele al\u0131nd\u0131. Telegram Kanal\u0131m\u0131z\u00a0||X Platformumuz\u00a0||Facebook Sayfam\u0131z<\/p>\n","protected":false},"author":41,"featured_media":305574,"comment_status":"closed","ping_status":"closed","sticky":false,"template":"","format":"standard","meta":{"footnotes":""},"categories":[458,459,17988],"tags":[42008],"class_list":["post-305573","post","type-post","status-publish","format-standard","has-post-thumbnail","","category-dunya1","category-haberler-arap-uluslararasi-politika","category-son-haberler","tag-suriye-ile-ermenistan-arasinda-ortak-hukumet-komitesi-toplantisi-yapilmasina-yonelik-hazirliklar-gorusuldu"],"_links":{"self":[{"href":"https:\/\/archive.sana.sy\/tr\/index.php?rest_route=\/wp\/v2\/posts\/305573","targetHints":{"allow":["GET"]}}],"collection":[{"href":"https:\/\/archive.sana.sy\/tr\/index.php?rest_route=\/wp\/v2\/posts"}],"about":[{"href":"https:\/\/archive.sana.sy\/tr\/index.php?rest_route=\/wp\/v2\/types\/post"}],"author":[{"embeddable":true,"href":"https:\/\/archive.sana.sy\/tr\/index.php?rest_route=\/wp\/v2\/users\/41"}],"replies":[{"embeddable":true,"href":"https:\/\/archive.sana.sy\/tr\/index.php?rest_route=%2Fwp%2Fv2%2Fcomments&post=305573"}],"version-history":[{"count":2,"href":"https:\/\/archive.sana.sy\/tr\/index.php?rest_route=\/wp\/v2\/posts\/305573\/revisions"}],"predecessor-version":[{"id":305576,"href":"https:\/\/archive.sana.sy\/tr\/index.php?rest_route=\/wp\/v2\/posts\/305573\/revisions\/305576"}],"wp:featuredmedia":[{"embeddable":true,"href":"https:\/\/archive.sana.sy\/tr\/index.php?rest_route=\/wp\/v2\/media\/305574"}],"wp:attachment":[{"href":"https:\/\/archive.sana.sy\/tr\/index.php?rest_route=%2Fwp%2Fv2%2Fmedia&parent=305573"}],"wp:term":[{"taxonomy":"category","embeddable":true,"href":"https:\/\/archive.sana.sy\/tr\/index.php?rest_route=%2Fwp%2Fv2%2Fcategories&post=305573"},{"taxonomy":"post_tag","embeddable":true,"href":"https:\/\/archive.sana.sy\/tr\/index.php?rest_route=%2Fwp%2Fv2%2Ftags&post=305573"}],"curies":[{"name":"wp","href":"https:\/\/api.w.org\/{rel}","templated":true}]}}