{"id":305583,"date":"2024-07-25T10:53:39","date_gmt":"2024-07-25T07:53:39","guid":{"rendered":"https:\/\/sana.sy\/tr\/?p=305583"},"modified":"2024-07-27T09:00:39","modified_gmt":"2024-07-27T06:00:39","slug":"305583","status":"publish","type":"post","link":"https:\/\/archive.sana.sy\/tr\/?p=305583","title":{"rendered":"Cumhurba\u015fkan\u0131 Esad Rusya&#8217;ya \u00c7al\u0131\u015fma Ziyareti Ger\u00e7ekle\u015ftirerek, Ba\u015fkan Putin \u0130le G\u00f6r\u00fc\u015ft\u00fc"},"content":{"rendered":"<p style=\"text-align: justify;\"><strong>MOSKOVA (SANA)<\/strong> &#8211;\u00a0 Cumhurba\u015fkan\u0131 Be\u015f\u015far Esad, Devlet Ba\u015fkan\u0131 Vladimir Putin ile g\u00f6r\u00fc\u015ft\u00fc\u011f\u00fc \u00a0ve onunla iki \u00fclke aras\u0131ndaki ili\u015fkilerin t\u00fcm y\u00f6nlerini ele ald\u0131\u011f\u0131 Rusya&#8217;ya bir \u00e7al\u0131\u015fma ziyareti ger\u00e7ekle\u015ftirdi.<\/p>\n<p style=\"text-align: justify;\">Ziyaret s\u0131ras\u0131nda Cumhurba\u015fkan\u0131 Esad, Orta Do\u011fu b\u00f6lgesindeki durumu, ya\u015fanan h\u0131zl\u0131 geli\u015fmeleri ve bunlarla ba\u015fa \u00e7\u0131kmak i\u00e7in ortak koordinasyonun y\u00f6nlerini de ele ald\u0131.<\/p>\n<p style=\"text-align: justify;\"><img loading=\"lazy\" decoding=\"async\" class=\"size-full wp-image-305589 alignright\" src=\"http:\/\/sana.sy\/tr\/wp-content\/uploads\/2024\/07\/2-42-300x185-1.jpg\" alt=\"\" width=\"300\" height=\"185\" \/>Cumhurba\u015fkan\u0131 Esad ayr\u0131ca, hem Suriye&#8217;nin hem de Rusya&#8217;n\u0131n zorlu zorluklardan ge\u00e7ti\u011fini ve her zaman bu zorluklar\u0131n \u00fcstesinden gelebildiklerini belirterek, iki \u00fclke ve halklar\u0131n ili\u015fkilerinin dayand\u0131\u011f\u0131 kar\u015f\u0131l\u0131kl\u0131 g\u00fcven ve itibara dikkat \u00e7ekti.<\/p>\n<p style=\"text-align: justify;\">Ba\u015fkan Putin ise, Ortado\u011fu&#8217;da durumun giderek gerginle\u015fti\u011fini, Cumhurba\u015fkan\u0131 Esad ile yap\u0131lan g\u00f6r\u00fc\u015fmelerin olas\u0131 t\u00fcm geli\u015fmeleri ve senaryolar\u0131 tart\u0131\u015fmak i\u00e7in bir f\u0131rsat oldu\u011funu vurgulad\u0131.<\/p>\n<p style=\"text-align: justify;\">Devlet Ba\u015fkan\u0131 Putin ayn\u0131 zamanda, Suriye ile Rusya aras\u0131nda ekonomik ve ticari ili\u015fkiler a\u00e7\u0131s\u0131ndan umut verici f\u0131rsatlar\u0131n bulundu\u011funu kaydetti.<\/p>\n<p style=\"text-align: center;\"><strong><a href=\"https:\/\/t.me\/SuriyeArapHaberAjansI\">Telegram Kanal\u0131m\u0131z\u00a0<\/a><span style=\"color: #ff0000;\">||<\/span><a href=\"https:\/\/twitter.com\/arap_ajans\">X Platformumuz<span style=\"color: #ff0000;\">\u00a0<\/span><\/a><span style=\"color: #ff0000;\">||<\/span><a href=\"https:\/\/www.facebook.com\/SANAHaberAjansi\/\">Facebook Sayfam\u0131z<\/a><\/strong><\/p>\n","protected":false},"excerpt":{"rendered":"<p>MOSKOVA (SANA) &#8211;\u00a0 Cumhurba\u015fkan\u0131 Be\u015f\u015far Esad, Devlet Ba\u015fkan\u0131 Vladimir Putin ile g\u00f6r\u00fc\u015ft\u00fc\u011f\u00fc \u00a0ve onunla iki \u00fclke aras\u0131ndaki ili\u015fkilerin t\u00fcm y\u00f6nlerini ele ald\u0131\u011f\u0131 Rusya&#8217;ya bir \u00e7al\u0131\u015fma ziyareti ger\u00e7ekle\u015ftirdi. Ziyaret s\u0131ras\u0131nda Cumhurba\u015fkan\u0131 Esad, Orta Do\u011fu b\u00f6lgesindeki durumu, ya\u015fanan h\u0131zl\u0131 geli\u015fmeleri ve bunlarla ba\u015fa \u00e7\u0131kmak i\u00e7in ortak koordinasyonun y\u00f6nlerini de ele ald\u0131. Cumhurba\u015fkan\u0131 Esad ayr\u0131ca, hem Suriye&#8217;nin hem &hellip;<\/p>\n","protected":false},"author":39,"featured_media":305584,"comment_status":"closed","ping_status":"closed","sticky":false,"template":"","format":"standard","meta":{"footnotes":""},"categories":[606,605,17988],"tags":[],"class_list":["post-305583","post","type-post","status-publish","format-standard","has-post-thumbnail","","category-cumhurbaskani","category-sayin-cumhurbaskani","category-son-haberler"],"_links":{"self":[{"href":"https:\/\/archive.sana.sy\/tr\/index.php?rest_route=\/wp\/v2\/posts\/305583","targetHints":{"allow":["GET"]}}],"collection":[{"href":"https:\/\/archive.sana.sy\/tr\/index.php?rest_route=\/wp\/v2\/posts"}],"about":[{"href":"https:\/\/archive.sana.sy\/tr\/index.php?rest_route=\/wp\/v2\/types\/post"}],"author":[{"embeddable":true,"href":"https:\/\/archive.sana.sy\/tr\/index.php?rest_route=\/wp\/v2\/users\/39"}],"replies":[{"embeddable":true,"href":"https:\/\/archive.sana.sy\/tr\/index.php?rest_route=%2Fwp%2Fv2%2Fcomments&post=305583"}],"version-history":[{"count":9,"href":"https:\/\/archive.sana.sy\/tr\/index.php?rest_route=\/wp\/v2\/posts\/305583\/revisions"}],"predecessor-version":[{"id":305630,"href":"https:\/\/archive.sana.sy\/tr\/index.php?rest_route=\/wp\/v2\/posts\/305583\/revisions\/305630"}],"wp:featuredmedia":[{"embeddable":true,"href":"https:\/\/archive.sana.sy\/tr\/index.php?rest_route=\/wp\/v2\/media\/305584"}],"wp:attachment":[{"href":"https:\/\/archive.sana.sy\/tr\/index.php?rest_route=%2Fwp%2Fv2%2Fmedia&parent=305583"}],"wp:term":[{"taxonomy":"category","embeddable":true,"href":"https:\/\/archive.sana.sy\/tr\/index.php?rest_route=%2Fwp%2Fv2%2Fcategories&post=305583"},{"taxonomy":"post_tag","embeddable":true,"href":"https:\/\/archive.sana.sy\/tr\/index.php?rest_route=%2Fwp%2Fv2%2Ftags&post=305583"}],"curies":[{"name":"wp","href":"https:\/\/api.w.org\/{rel}","templated":true}]}}