{"id":305607,"date":"2024-07-25T09:41:34","date_gmt":"2024-07-25T06:41:34","guid":{"rendered":"https:\/\/sana.sy\/tr\/?p=305607"},"modified":"2024-07-27T08:58:34","modified_gmt":"2024-07-27T05:58:34","slug":"aksa-tufani-operasyonu-bugunun-en-one-cikan-gelismeleri-204","status":"publish","type":"post","link":"https:\/\/archive.sana.sy\/tr\/?p=305607","title":{"rendered":"Aksa Tufan\u0131 Operasyonu\u2026 Bug\u00fcn\u00fcn En \u00d6ne \u00c7\u0131kan Geli\u015fmeleri"},"content":{"rendered":"<p style=\"text-align: justify;\"><strong>\u0130\u015eGAL ED\u0130LEN KUD\u00dcS (SANA) \u2013\u00a0<\/strong>Filistin direni\u015finin i\u015fgalci \u0130srail\u2019in sald\u0131rganl\u0131\u011f\u0131na yan\u0131t olarak 7 Ekim\u2019de ba\u015flatt\u0131\u011f\u0131 Aksa Tufan\u0131 Operasyonu\u2019nda \u00f6ne \u00e7\u0131kan geli\u015fmeler:<\/p>\n<ul>\n<li style=\"text-align: justify;\">Filistin direni\u015fi, Gazze \u015eeridi&#8217;nin g\u00fcneyindeki Han Yunus kentindeki \u015eeyh Nas\u0131r b\u00f6lgesinde Siyonist d\u00fc\u015fmana ait bir tank\u0131 \u201c\u015eawaz\u201d cihaz\u0131yla imha ederek, alev almas\u0131na neden oldu.<\/li>\n<li style=\"text-align: justify;\">Filistin medyas\u0131: Gazze \u015eeridi&#8217;nin g\u00fcneyinde, Han Yunus&#8217;un do\u011fusundaki Tahlia b\u00f6lgesine \u0130srail i\u015fgal top\u00e7usu bombard\u0131man\u0131 sonucu 4 Filistinli \u00f6ld\u00fcr\u00fcld\u00fc.<\/li>\n<li style=\"text-align: justify;\">Filistin Sa\u011fl\u0131\u011f\u0131: Gazze \u015eeridi&#8217;nde 293. g\u00fcn\u00fcnde devam eden i\u015fgal sald\u0131r\u0131s\u0131nda \u00f6lenlerin say\u0131s\u0131 39.175 \u015fehit ve 90.403 yaral\u0131ya y\u00fckseldi.<\/li>\n<li style=\"text-align: justify;\">Filistin Sa\u011fl\u0131k Bakanl\u0131\u011f\u0131: \u0130srail i\u015fgali son 24 saatte Gazze \u015eeridi&#8217;nde 3 katliam ger\u00e7ekle\u015ftirdi; hastanelerde 30 \u015fehit ve 146 yaral\u0131ya ula\u015ft\u0131.<\/li>\n<li style=\"text-align: justify;\">Filistin direni\u015fi iki \u0130srailli d\u00fc\u015fman kuvvetini iki t\u00fcnele \u00e7ekip havaya u\u00e7urdu; b\u00f6ylece \u00fcyeleri Gazze \u015eeridi&#8217;nin g\u00fcneyindeki Refah \u015fehrindeki Yabna kamp\u0131nda \u00f6l\u00fc ve yaral\u0131 kald\u0131.<\/li>\n<li style=\"text-align: justify;\">Filistin direni\u015fi, Gazze \u015eeridi&#8217;nin g\u00fcneyindeki Han Yunus \u015fehrinin do\u011fusunda \u0130srail d\u00fc\u015fman kuvvetlerinin mevzilerine havan toplar\u0131yla sald\u0131rd\u0131.<\/li>\n<li style=\"text-align: justify;\">Filistin direni\u015fi, g\u00fcney Gazze \u015eeridi&#8217;ndeki Han Yunus&#8217;un do\u011fusundaki El-Zana b\u00f6lgesinde bir \u0130srail d\u00fc\u015fman askerini keskin ni\u015fanc\u0131larla vurdu.<\/li>\n<li>\n<p style=\"text-align: justify;\"><a href=\"https:\/\/www.sana.sy\/tr\/?p=305622\">Sald\u0131rganl\u0131\u011f\u0131n 293&#8217;\u00fcnc\u00fc g\u00fcn\u00fcnde &#8230; \u0130\u015fgalcilerin Gazze \u015eeridi&#8217;nde bir\u00e7ok b\u00f6lgeyi bombalamas\u0131nda \u015fehitler ve yaral\u0131lar oldu.<\/a><\/p>\n<\/li>\n<\/ul>\n<p style=\"text-align: center;\"><strong><a href=\"https:\/\/t.me\/SuriyeArapHaberAjansI\">Telegram Kanal\u0131m\u0131z\u00a0<\/a>||<a href=\"https:\/\/twitter.com\/arap_ajans\">X Platformumuz\u00a0<\/a>||<a href=\"https:\/\/www.facebook.com\/SANAHaberAjansi\/\">Facebook Sayfam\u0131z<\/a><\/strong><\/p>\n","protected":false},"excerpt":{"rendered":"<p>\u0130\u015eGAL ED\u0130LEN KUD\u00dcS (SANA) \u2013\u00a0Filistin direni\u015finin i\u015fgalci \u0130srail\u2019in sald\u0131rganl\u0131\u011f\u0131na yan\u0131t olarak 7 Ekim\u2019de ba\u015flatt\u0131\u011f\u0131 Aksa Tufan\u0131 Operasyonu\u2019nda \u00f6ne \u00e7\u0131kan geli\u015fmeler: Filistin direni\u015fi, Gazze \u015eeridi&#8217;nin g\u00fcneyindeki Han Yunus kentindeki \u015eeyh Nas\u0131r b\u00f6lgesinde Siyonist d\u00fc\u015fmana ait bir tank\u0131 \u201c\u015eawaz\u201d cihaz\u0131yla imha ederek, alev almas\u0131na neden oldu. Filistin medyas\u0131: Gazze \u015eeridi&#8217;nin g\u00fcneyinde, Han Yunus&#8217;un do\u011fusundaki Tahlia b\u00f6lgesine \u0130srail &hellip;<\/p>\n","protected":false},"author":39,"featured_media":305608,"comment_status":"closed","ping_status":"closed","sticky":false,"template":"","format":"standard","meta":{"footnotes":""},"categories":[458,459,17988],"tags":[40319],"class_list":["post-305607","post","type-post","status-publish","format-standard","has-post-thumbnail","","category-dunya1","category-haberler-arap-uluslararasi-politika","category-son-haberler","tag-gazzede-son-gelimeler"],"_links":{"self":[{"href":"https:\/\/archive.sana.sy\/tr\/index.php?rest_route=\/wp\/v2\/posts\/305607","targetHints":{"allow":["GET"]}}],"collection":[{"href":"https:\/\/archive.sana.sy\/tr\/index.php?rest_route=\/wp\/v2\/posts"}],"about":[{"href":"https:\/\/archive.sana.sy\/tr\/index.php?rest_route=\/wp\/v2\/types\/post"}],"author":[{"embeddable":true,"href":"https:\/\/archive.sana.sy\/tr\/index.php?rest_route=\/wp\/v2\/users\/39"}],"replies":[{"embeddable":true,"href":"https:\/\/archive.sana.sy\/tr\/index.php?rest_route=%2Fwp%2Fv2%2Fcomments&post=305607"}],"version-history":[{"count":4,"href":"https:\/\/archive.sana.sy\/tr\/index.php?rest_route=\/wp\/v2\/posts\/305607\/revisions"}],"predecessor-version":[{"id":305676,"href":"https:\/\/archive.sana.sy\/tr\/index.php?rest_route=\/wp\/v2\/posts\/305607\/revisions\/305676"}],"wp:featuredmedia":[{"embeddable":true,"href":"https:\/\/archive.sana.sy\/tr\/index.php?rest_route=\/wp\/v2\/media\/305608"}],"wp:attachment":[{"href":"https:\/\/archive.sana.sy\/tr\/index.php?rest_route=%2Fwp%2Fv2%2Fmedia&parent=305607"}],"wp:term":[{"taxonomy":"category","embeddable":true,"href":"https:\/\/archive.sana.sy\/tr\/index.php?rest_route=%2Fwp%2Fv2%2Fcategories&post=305607"},{"taxonomy":"post_tag","embeddable":true,"href":"https:\/\/archive.sana.sy\/tr\/index.php?rest_route=%2Fwp%2Fv2%2Ftags&post=305607"}],"curies":[{"name":"wp","href":"https:\/\/api.w.org\/{rel}","templated":true}]}}