{"id":305665,"date":"2024-07-26T16:21:17","date_gmt":"2024-07-26T13:21:17","guid":{"rendered":"https:\/\/sana.sy\/tr\/?p=305665"},"modified":"2024-07-28T13:00:43","modified_gmt":"2024-07-28T10:00:43","slug":"israil-saldirganliginin-294uncu-gununde-gazze-seridinde-onlarca-sehit-ve-yarali","status":"publish","type":"post","link":"https:\/\/archive.sana.sy\/tr\/?p=305665","title":{"rendered":"\u0130srail Sald\u0131rganl\u0131\u011f\u0131n\u0131n 294&#8217;\u00fcnc\u00fc G\u00fcn\u00fcnde&#8230; Gazze \u015eeridi&#8217;nde Onlarca \u015eehit Ve Yaral\u0131"},"content":{"rendered":"<p style=\"text-align: justify;\"><strong>\u0130\u015eGAL ED\u0130LEN KUD\u00dcS (SANA)<\/strong> &#8211; \u0130\u015fgalci \u0130srail\u2019in, felakete u\u011frayan Gazze \u015eeridi&#8217;ne y\u00f6nelik kara, deniz ve hava sald\u0131rganl\u0131klar\u0131 294&#8217;\u00fcnc\u00fc g\u00fcn\u00fcnde de devam ediyor ve son saatlerde \u00e7o\u011fu \u00e7ocuk ve kad\u0131n onlarca Filistinlinin \u015fehit d\u00fc\u015fmesibe ve yaralanmas\u0131na yol a\u00e7t\u0131.<\/p>\n<p style=\"text-align: justify;\">Wafa Ajans\u0131, \u2018\u2019\u0130\u015fgal u\u00e7aklar\u0131n\u0131n Gazze \u015eeridi&#8217;nin g\u00fcneyindeki Han Yunus \u015fehrinin do\u011fusundaki Abasan El Kabira kasabas\u0131ndaki bir evi bombalamas\u0131, iki Filistinli kad\u0131n\u0131n \u015fehit olmas\u0131na, bir aileden di\u011ferlerinin de yaralanmas\u0131na yol a\u00e7t\u0131\u2019\u2019 dedi.<\/p>\n<p style=\"text-align: justify;\">\u0130\u015fgal g\u00fc\u00e7lerinin b\u00f6lgedeki bina ve tesisleri bombalamaya devam etti\u011fi s\u0131rada yak\u0131ndaki Selahaddin Caddesi&#8217;nde 6 \u015fehidin, Beni S\u00fcheyle kasabas\u0131ndaki Farabi Okulu&#8217;nda ise 3 \u015fehidin naa\u015flar\u0131 \u00e7\u0131kar\u0131ld\u0131.<\/p>\n<p style=\"text-align: justify;\">Ayn\u0131 zamanda Gazze \u015eeridi&#8217;nin g\u00fcneyindeki Refah&#8217;ta da i\u015fgal u\u00e7aklar\u0131n\u0131n Refah \u015fehrinin kuzeyindeki El Barakasat b\u00f6lgesini bombalamas\u0131 sonucu bir \u00e7ocuk \u015fehit oldu. Kentin bat\u0131s\u0131ndaki El Alam Kav\u015fa\u011f\u0131 yak\u0131n\u0131nda da benzer bombalama sonucu bir gen\u00e7 \u015fehit oldu.<\/p>\n<p style=\"text-align: justify;\">Gazze \u015eeridi&#8217;nin merkezine gelince, i\u015fgal \u015fiddetli top\u00e7u bombard\u0131man\u0131yla devam etti ve El Mu\u011fra b\u00f6lgesindeki yerle\u015fim meydanlar\u0131n\u0131n tamam\u0131 havaya u\u00e7urulurken, u\u00e7aklar\u0131 Nuseyrat kamp\u0131n\u0131n g\u00fcneyindeki Ayin Calut kulelerinden birini bombalad\u0131.<\/p>\n<p style=\"text-align: justify;\">\u015eeridin kuzeyindeki Gazze \u015fehrinde, i\u015fgal hava kuvvetlerinin \u015fehrin do\u011fusundaki El-Sahabe Caddesi \u00fczerindeki bir apartman dairesine d\u00fczenledi\u011fi bask\u0131nda \u00e7o\u011fu kad\u0131n ve \u00e7ocuk olmak \u00fczere 3 ki\u015fi \u015fehit oldu, \u00e7ok say\u0131da ki\u015fi de yaraland\u0131.<\/p>\n<p style=\"text-align: justify;\">\u0130\u015fgal U\u00e7aklar\u0131, g\u00fcneydo\u011fudaki El Zaytun mahallesine ba\u011fl\u0131 El Nedim b\u00f6lgesinde bir evi de bombalad\u0131.<\/p>\n<p style=\"text-align: justify;\">\u0130\u015fgalcilerin top\u00e7usunun El \u015euhada Kav\u015fa\u011f\u0131 ve Tel El Hava \u00a0mahallesine \u00e7ok say\u0131da top at\u0131\u015f\u0131 devam ederken, El Dureyic mahallesindeki bir evin enkaz\u0131 alt\u0131ndan da iki \u015fehidin ve yedi yaral\u0131n\u0131n cesedi \u00e7\u0131kar\u0131ld\u0131.<\/p>\n<p style=\"text-align: center;\"><strong><a href=\"https:\/\/t.me\/SuriyeArapHaberAjansI\">Telegram Kanal\u0131m\u0131z\u00a0<\/a>||<a href=\"https:\/\/twitter.com\/arap_ajans\">X Platformumuz\u00a0<\/a>||<a href=\"https:\/\/www.facebook.com\/SANAHaberAjansi\/\">Facebook Sayfam\u0131z<\/a><\/strong><\/p>\n","protected":false},"excerpt":{"rendered":"<p>\u0130\u015eGAL ED\u0130LEN KUD\u00dcS (SANA) &#8211; \u0130\u015fgalci \u0130srail\u2019in, felakete u\u011frayan Gazze \u015eeridi&#8217;ne y\u00f6nelik kara, deniz ve hava sald\u0131rganl\u0131klar\u0131 294&#8217;\u00fcnc\u00fc g\u00fcn\u00fcnde de devam ediyor ve son saatlerde \u00e7o\u011fu \u00e7ocuk ve kad\u0131n onlarca Filistinlinin \u015fehit d\u00fc\u015fmesibe ve yaralanmas\u0131na yol a\u00e7t\u0131. Wafa Ajans\u0131, \u2018\u2019\u0130\u015fgal u\u00e7aklar\u0131n\u0131n Gazze \u015eeridi&#8217;nin g\u00fcneyindeki Han Yunus \u015fehrinin do\u011fusundaki Abasan El Kabira kasabas\u0131ndaki bir evi bombalamas\u0131, &hellip;<\/p>\n","protected":false},"author":41,"featured_media":305667,"comment_status":"closed","ping_status":"closed","sticky":false,"template":"","format":"standard","meta":{"footnotes":""},"categories":[458,459,17988],"tags":[40319,42013],"class_list":["post-305665","post","type-post","status-publish","format-standard","has-post-thumbnail","","category-dunya1","category-haberler-arap-uluslararasi-politika","category-son-haberler","tag-gazzede-son-gelimeler","tag-israil-saldirganliginin-294uncu-gununde-gazze-seridinde-onlarca-sehit-ve-yarali"],"_links":{"self":[{"href":"https:\/\/archive.sana.sy\/tr\/index.php?rest_route=\/wp\/v2\/posts\/305665","targetHints":{"allow":["GET"]}}],"collection":[{"href":"https:\/\/archive.sana.sy\/tr\/index.php?rest_route=\/wp\/v2\/posts"}],"about":[{"href":"https:\/\/archive.sana.sy\/tr\/index.php?rest_route=\/wp\/v2\/types\/post"}],"author":[{"embeddable":true,"href":"https:\/\/archive.sana.sy\/tr\/index.php?rest_route=\/wp\/v2\/users\/41"}],"replies":[{"embeddable":true,"href":"https:\/\/archive.sana.sy\/tr\/index.php?rest_route=%2Fwp%2Fv2%2Fcomments&post=305665"}],"version-history":[{"count":1,"href":"https:\/\/archive.sana.sy\/tr\/index.php?rest_route=\/wp\/v2\/posts\/305665\/revisions"}],"predecessor-version":[{"id":305666,"href":"https:\/\/archive.sana.sy\/tr\/index.php?rest_route=\/wp\/v2\/posts\/305665\/revisions\/305666"}],"wp:featuredmedia":[{"embeddable":true,"href":"https:\/\/archive.sana.sy\/tr\/index.php?rest_route=\/wp\/v2\/media\/305667"}],"wp:attachment":[{"href":"https:\/\/archive.sana.sy\/tr\/index.php?rest_route=%2Fwp%2Fv2%2Fmedia&parent=305665"}],"wp:term":[{"taxonomy":"category","embeddable":true,"href":"https:\/\/archive.sana.sy\/tr\/index.php?rest_route=%2Fwp%2Fv2%2Fcategories&post=305665"},{"taxonomy":"post_tag","embeddable":true,"href":"https:\/\/archive.sana.sy\/tr\/index.php?rest_route=%2Fwp%2Fv2%2Ftags&post=305665"}],"curies":[{"name":"wp","href":"https:\/\/api.w.org\/{rel}","templated":true}]}}