{"id":305677,"date":"2024-07-27T10:11:34","date_gmt":"2024-07-27T07:11:34","guid":{"rendered":"https:\/\/sana.sy\/tr\/?p=305677"},"modified":"2024-07-28T12:12:25","modified_gmt":"2024-07-28T09:12:25","slug":"aksa-tufani-operasyonu-bugunun-en-one-cikan-gelismeleri-206","status":"publish","type":"post","link":"https:\/\/archive.sana.sy\/tr\/?p=305677","title":{"rendered":"Aksa Tufan\u0131 Operasyonu\u2026 Bug\u00fcn\u00fcn En \u00d6ne \u00c7\u0131kan Geli\u015fmeleri"},"content":{"rendered":"<p style=\"text-align: justify;\"><strong>\u0130\u015eGAL ED\u0130LEN KUD\u00dcS (SANA) \u2013\u00a0<\/strong>Filistin direni\u015finin i\u015fgalci \u0130srail\u2019in sald\u0131rganl\u0131\u011f\u0131na yan\u0131t olarak 7 Ekim\u2019de ba\u015flatt\u0131\u011f\u0131 Aksa Tufan\u0131 Operasyonu\u2019nda \u00f6ne \u00e7\u0131kan geli\u015fmeler:<\/p>\n<ul>\n<li style=\"text-align: justify;\">Filistin direni\u015fi, Gazze \u015fehrinin g\u00fcneyindeki Tel El Hava mahallesinde &#8220;Merkava 4&#8221; tipi \u0130srail i\u015fgal tank\u0131n\u0131 &#8220;Yasin 105&#8221; top mermisiyle hedef ald\u0131.<\/li>\n<li style=\"text-align: justify;\">Filistin medyas\u0131: Bat\u0131 \u015eeria&#8217;n\u0131n Nablus kentindeki Balata Kamp\u0131nda bir Filistinli \u0130srail i\u015fgal g\u00fc\u00e7lerinin kur\u015funlar\u0131yla \u00f6ld\u00fcr\u00fcld\u00fc.<\/li>\n<li style=\"text-align: justify;\"><a href=\"http:\/\/AA\u0130H\u0130\u00d6: Filistinlilerin Zorla Yerinden Edilmesi, I\u015fgalin Gazze\u2019deki Soyk\u0131r\u0131m Su\u00e7u Konusundaki Israr\u0131n\u0131 Yans\u0131t\u0131yor\">AA\u0130H\u0130\u00d6: Filistinlilerin zorla yerinden edilmesi, i\u015fgalin Gazze \u015eeridi&#8217;ndeki soyk\u0131r\u0131m su\u00e7u konusundaki \u0131srar\u0131n\u0131 yans\u0131t\u0131yor.<\/a><\/li>\n<li style=\"text-align: justify;\">Filistin direni\u015fi anti-personel f\u00fczesiyle, Gazze \u015eehri&#8217;nin Tel El Hava semtinde \u00e7ok say\u0131da \u0130srailli d\u00fc\u015fman askerinin sakland\u0131\u011f\u0131 evi hedef ald\u0131 ve onlar\u0131 \u00f6l\u00fc ve yaral\u0131 b\u0131rakt\u0131.<\/li>\n<li style=\"text-align: justify;\">Filistin direni\u015fi, Gazze \u015eeridi&#8217;nin merkezindeki Cuhr EL Dik&#8217;in kuzeyinde \u0130srail d\u00fc\u015fman g\u00fc\u00e7lerini havan toplar\u0131yla bombalad\u0131.<\/li>\n<li style=\"text-align: justify;\">Filistin direni\u015fi, Gazze \u015fehrinin g\u00fcneyindeki Tel El Hava mahallesindeki \u0130srail d\u00fc\u015fman g\u00fc\u00e7lerini havan toplar\u0131yla bombalad\u0131.<\/li>\n<li style=\"text-align: justify;\">Filistin direni\u015fi &#8220;Yasin 105&#8221; ile \u0130srail i\u015fgal askeri ta\u015f\u0131y\u0131c\u0131s\u0131n\u0131 hedef ald\u0131 ve Gazze \u015fehrinin g\u00fcneyindeki Tel Al-Hawa mahallesindeki \u00fcyelerini \u00f6ld\u00fcrd\u00fc ve yaralad\u0131.<\/li>\n<li style=\"text-align: justify;\">Filistin direni\u015fi, k\u0131sa menzilli &#8220;Rajum&#8221; f\u00fczeleriyle Gazze \u015fehrinin g\u00fcneyindeki &#8220;Netzarim&#8221; ekseninde \u0130srail d\u00fc\u015fman\u0131n\u0131n komuta odalar\u0131n\u0131 hedef ald\u0131.<\/li>\n<li style=\"text-align: justify;\">Filistin Sa\u011fl\u0131k Bakanl\u0131\u011f\u0131: Gazze \u015eeridi&#8217;nde 295&#8217;inci g\u00fcn\u00fcnde devam eden i\u015fgal sald\u0131r\u0131s\u0131nda \u00f6lenlerin say\u0131s\u0131 39 bin 258 \u015fehit ve 90 bin 589 yaral\u0131ya y\u00fckseldi.<\/li>\n<li style=\"text-align: justify;\">Filistin Sa\u011fl\u0131k Bakanl\u0131\u011f\u0131: \u0130srail i\u015fgali son 24 saat i\u00e7inde Gazze \u015eeridi&#8217;nde 4 katliam ger\u00e7ekle\u015ftirdi; bunlardan 41&#8217;i \u015fehit, 103&#8217;\u00fc yaral\u0131 hastanelere ula\u015ft\u0131.<\/li>\n<li style=\"text-align: justify;\">Filistin medyas\u0131: \u0130srail&#8217;in Gazze \u015eeridi&#8217;nin g\u00fcneyindeki Han Yunus&#8217;un do\u011fusundaki Bani S\u00fcheyle kasabas\u0131n\u0131 i\u015fgalci bombard\u0131man\u0131 sonucu iki Filistinli \u00f6ld\u00fcr\u00fcld\u00fc.- Filistin medyas\u0131: \u0130\u015fgalci \u0130srail&#8217;in, Gazze \u015eeridi&#8217;nin merkezindeki Deir al-Balah \u015fehrinde yerinden edilmi\u015f insanlar\u0131n bar\u0131nd\u0131\u011f\u0131 bir okulu bombalamas\u0131 sonucu \u00e7ok say\u0131da \u015fehit ve yaraland\u0131.<\/li>\n<li style=\"text-align: justify;\"><a href=\"https:\/\/www.sana.sy\/tr\/?p=305681\">Sald\u0131rganl\u0131\u011f\u0131n 295&#8217;inci g\u00fcn\u00fcnde: \u0130\u015fgalcilerin Gazze \u015eeridi&#8217;nin \u00e7e\u015fitli b\u00f6lgelerini bombalamas\u0131 sonucu onlarca \u015fehit ve yaral\u0131.<\/a><\/li>\n<li style=\"text-align: justify;\">\u00a0Filistin medyas\u0131: \u0130\u015fgalci \u0130srail&#8217;in Gazze \u015eeridi&#8217;nin g\u00fcneyindeki Han Yunus \u015fehrinin do\u011fusundaki Abasan El Kabira&#8217;da bir evi bombalamas\u0131 sonucu \u00e7ok say\u0131da \u015fehit ve yaraland\u0131.<\/li>\n<li>\n<p style=\"text-align: justify;\">Filistin medyas\u0131: \u0130srail i\u015fgal u\u00e7aklar\u0131n\u0131n Gazze \u015eeridi&#8217;nin g\u00fcneyindeki Refah kentinde bir evi bombalamas\u0131 sonucu 5 \u015fehit.<\/p>\n<\/li>\n<\/ul>\n<p style=\"text-align: center;\"><strong><a href=\"https:\/\/t.me\/SuriyeArapHaberAjansI\">Telegram Kanal\u0131m\u0131z\u00a0<\/a>||<a href=\"https:\/\/twitter.com\/arap_ajans\">X Platformumuz\u00a0<\/a>||<a href=\"https:\/\/www.facebook.com\/SANAHaberAjansi\/\">Facebook Sayfam\u0131z<\/a><\/strong><\/p>\n","protected":false},"excerpt":{"rendered":"<p>\u0130\u015eGAL ED\u0130LEN KUD\u00dcS (SANA) \u2013\u00a0Filistin direni\u015finin i\u015fgalci \u0130srail\u2019in sald\u0131rganl\u0131\u011f\u0131na yan\u0131t olarak 7 Ekim\u2019de ba\u015flatt\u0131\u011f\u0131 Aksa Tufan\u0131 Operasyonu\u2019nda \u00f6ne \u00e7\u0131kan geli\u015fmeler: Filistin direni\u015fi, Gazze \u015fehrinin g\u00fcneyindeki Tel El Hava mahallesinde &#8220;Merkava 4&#8221; tipi \u0130srail i\u015fgal tank\u0131n\u0131 &#8220;Yasin 105&#8221; top mermisiyle hedef ald\u0131. Filistin medyas\u0131: Bat\u0131 \u015eeria&#8217;n\u0131n Nablus kentindeki Balata Kamp\u0131nda bir Filistinli \u0130srail i\u015fgal g\u00fc\u00e7lerinin kur\u015funlar\u0131yla &hellip;<\/p>\n","protected":false},"author":36,"featured_media":305678,"comment_status":"closed","ping_status":"closed","sticky":false,"template":"","format":"standard","meta":{"footnotes":""},"categories":[458,459,17988],"tags":[],"class_list":["post-305677","post","type-post","status-publish","format-standard","has-post-thumbnail","","category-dunya1","category-haberler-arap-uluslararasi-politika","category-son-haberler"],"_links":{"self":[{"href":"https:\/\/archive.sana.sy\/tr\/index.php?rest_route=\/wp\/v2\/posts\/305677","targetHints":{"allow":["GET"]}}],"collection":[{"href":"https:\/\/archive.sana.sy\/tr\/index.php?rest_route=\/wp\/v2\/posts"}],"about":[{"href":"https:\/\/archive.sana.sy\/tr\/index.php?rest_route=\/wp\/v2\/types\/post"}],"author":[{"embeddable":true,"href":"https:\/\/archive.sana.sy\/tr\/index.php?rest_route=\/wp\/v2\/users\/36"}],"replies":[{"embeddable":true,"href":"https:\/\/archive.sana.sy\/tr\/index.php?rest_route=%2Fwp%2Fv2%2Fcomments&post=305677"}],"version-history":[{"count":4,"href":"https:\/\/archive.sana.sy\/tr\/index.php?rest_route=\/wp\/v2\/posts\/305677\/revisions"}],"predecessor-version":[{"id":305700,"href":"https:\/\/archive.sana.sy\/tr\/index.php?rest_route=\/wp\/v2\/posts\/305677\/revisions\/305700"}],"wp:featuredmedia":[{"embeddable":true,"href":"https:\/\/archive.sana.sy\/tr\/index.php?rest_route=\/wp\/v2\/media\/305678"}],"wp:attachment":[{"href":"https:\/\/archive.sana.sy\/tr\/index.php?rest_route=%2Fwp%2Fv2%2Fmedia&parent=305677"}],"wp:term":[{"taxonomy":"category","embeddable":true,"href":"https:\/\/archive.sana.sy\/tr\/index.php?rest_route=%2Fwp%2Fv2%2Fcategories&post=305677"},{"taxonomy":"post_tag","embeddable":true,"href":"https:\/\/archive.sana.sy\/tr\/index.php?rest_route=%2Fwp%2Fv2%2Ftags&post=305677"}],"curies":[{"name":"wp","href":"https:\/\/api.w.org\/{rel}","templated":true}]}}