{"id":305681,"date":"2024-07-27T16:21:40","date_gmt":"2024-07-27T13:21:40","guid":{"rendered":"https:\/\/sana.sy\/tr\/?p=305681"},"modified":"2024-07-28T13:00:51","modified_gmt":"2024-07-28T10:00:51","slug":"saldirganligin-295inci-gununde-isgalcilerin-gazze-seridinin-cesitli-bolgelerini-bombalamasi-sonucu-onlarca-sehit-ve-yarali","status":"publish","type":"post","link":"https:\/\/archive.sana.sy\/tr\/?p=305681","title":{"rendered":"Sald\u0131rganl\u0131\u011f\u0131n 295&#8217;inci G\u00fcn\u00fcnde &#8230; \u0130\u015fgalcilerin Gazze \u015eeridi&#8217;nin \u00c7e\u015fitli B\u00f6lgelerini Bombalamas\u0131 Sonucu Onlarca \u015eehit Ve Yaral\u0131"},"content":{"rendered":"<p style=\"text-align: justify;\"><strong>\u0130\u015eGAL ED\u0130LEN KUD\u00dcS (SANA)<\/strong> &#8211; \u00a0\u0130\u015fgalci \u0130srail, felaket niteli\u011finde bir insani durumun ortas\u0131nda, d\u00fczinelerce hava sald\u0131rganl\u0131\u011f\u0131 ve s\u00fcrekli top\u00e7u bombard\u0131man\u0131 d\u00fczenleyerek ve Filistinlilere kar\u015f\u0131 katliamlar ger\u00e7ekle\u015ftirmeye devam ederek 295. g\u00fcnd\u00fcr Gazze \u015eeridi&#8217;nde soyk\u0131r\u0131m uygulamaya devam ediyor.<\/p>\n<p style=\"text-align: justify;\">Filistin medyas\u0131, Gazze \u015eeridi&#8217;nin g\u00fcneyindeki Refah kentindeki Musabah mahallesine d\u00fczenlenen i\u015fgal bombard\u0131man\u0131 sonucu 5 Filistinlinin \u00f6ld\u00fc\u011f\u00fcn\u00fc, baz\u0131lar\u0131n\u0131n da yaraland\u0131\u011f\u0131n\u0131 bildirdi.<\/p>\n<p style=\"text-align: justify;\">Ayr\u0131ca Han Yunus&#8217;un do\u011fusundaki Abasan El Kabira&#8217;ya y\u00f6nelik i\u015fgal bombard\u0131man\u0131 sonucu 4 Filistinli \u015fehit oldu, \u00e7ok say\u0131da ki\u015fi de yaraland\u0131.<\/p>\n<p style=\"text-align: justify;\">\u0130\u015fgal u\u00e7aklar\u0131, Han Yunus&#8217;un kuzeyindeki El Karara b\u00f6lgesini bombalad\u0131 ve Merkez Valili\u011fin kuzeyindeki bir grup konutu havaya u\u00e7urarak onlarca \u015fehit verdi.<\/p>\n<p style=\"text-align: justify;\">\u0130\u015fgal top\u00e7usu ise, Han Yunus \u015fehrinin g\u00fcneyindeki K\u0131zan El Neccar ve K\u0131zan Ebu Ra\u015fvan b\u00f6lgesindeki yerinden edilmi\u015f ki\u015filerin \u00e7ad\u0131rlar\u0131na ve evlerine de ate\u015f a\u00e7arak \u00e7ok say\u0131da \u015fehit d\u00fc\u015fmesine ve \u00e7ok say\u0131da ki\u015finin yaralanmas\u0131na yol a\u00e7t\u0131.<\/p>\n<p style=\"text-align: justify;\">G\u00f6rg\u00fc tan\u0131klar\u0131, Gazze \u015eeridi&#8217;nin g\u00fcneyinde Refah \u015fehrinin kuzeyindeki Musabah Mirage kav\u015fa\u011f\u0131 yak\u0131n\u0131nda i\u015fgal tanklar\u0131n\u0131n Filistinli aileleri ku\u015fatt\u0131\u011f\u0131n\u0131 bildirdi.<\/p>\n<p style=\"text-align: justify;\">Ambulans ekipleri, Gazze \u015eeridi&#8217;nin merkezindeki Bureyic kamp\u0131nda bir eve i\u015fgal sald\u0131rganl\u0131\u011f\u0131 sonucu hayat\u0131n\u0131 kaybeden 5 \u015fehidin cenazelerine ula\u015ft\u0131.<\/p>\n<p style=\"text-align: justify;\">\u0130\u015fgal ordusu, Refah \u015fehrinin t\u00fcm kuzey s\u0131n\u0131rlar\u0131n\u0131n ve Han Yunus \u015fehrinin g\u00fcney s\u0131n\u0131rlar\u0131n\u0131n zorla bo\u015falt\u0131lmas\u0131 y\u00f6n\u00fcnde yeni emirler yay\u0131nlad\u0131.<\/p>\n<p style=\"text-align: center;\"><strong><a href=\"https:\/\/t.me\/SuriyeArapHaberAjansI\">Telegram Kanal\u0131m\u0131z\u00a0<\/a>||<a href=\"https:\/\/twitter.com\/arap_ajans\">X Platformumuz\u00a0<\/a>||<a href=\"https:\/\/www.facebook.com\/SANAHaberAjansi\/\">Facebook Sayfam\u0131z<\/a><\/strong><\/p>\n","protected":false},"excerpt":{"rendered":"<p>\u0130\u015eGAL ED\u0130LEN KUD\u00dcS (SANA) &#8211; \u00a0\u0130\u015fgalci \u0130srail, felaket niteli\u011finde bir insani durumun ortas\u0131nda, d\u00fczinelerce hava sald\u0131rganl\u0131\u011f\u0131 ve s\u00fcrekli top\u00e7u bombard\u0131man\u0131 d\u00fczenleyerek ve Filistinlilere kar\u015f\u0131 katliamlar ger\u00e7ekle\u015ftirmeye devam ederek 295. g\u00fcnd\u00fcr Gazze \u015eeridi&#8217;nde soyk\u0131r\u0131m uygulamaya devam ediyor. Filistin medyas\u0131, Gazze \u015eeridi&#8217;nin g\u00fcneyindeki Refah kentindeki Musabah mahallesine d\u00fczenlenen i\u015fgal bombard\u0131man\u0131 sonucu 5 Filistinlinin \u00f6ld\u00fc\u011f\u00fcn\u00fc, baz\u0131lar\u0131n\u0131n da yaraland\u0131\u011f\u0131n\u0131 &hellip;<\/p>\n","protected":false},"author":41,"featured_media":305682,"comment_status":"closed","ping_status":"closed","sticky":false,"template":"","format":"standard","meta":{"footnotes":""},"categories":[458,459,17988],"tags":[],"class_list":["post-305681","post","type-post","status-publish","format-standard","has-post-thumbnail","","category-dunya1","category-haberler-arap-uluslararasi-politika","category-son-haberler"],"_links":{"self":[{"href":"https:\/\/archive.sana.sy\/tr\/index.php?rest_route=\/wp\/v2\/posts\/305681","targetHints":{"allow":["GET"]}}],"collection":[{"href":"https:\/\/archive.sana.sy\/tr\/index.php?rest_route=\/wp\/v2\/posts"}],"about":[{"href":"https:\/\/archive.sana.sy\/tr\/index.php?rest_route=\/wp\/v2\/types\/post"}],"author":[{"embeddable":true,"href":"https:\/\/archive.sana.sy\/tr\/index.php?rest_route=\/wp\/v2\/users\/41"}],"replies":[{"embeddable":true,"href":"https:\/\/archive.sana.sy\/tr\/index.php?rest_route=%2Fwp%2Fv2%2Fcomments&post=305681"}],"version-history":[{"count":1,"href":"https:\/\/archive.sana.sy\/tr\/index.php?rest_route=\/wp\/v2\/posts\/305681\/revisions"}],"predecessor-version":[{"id":305683,"href":"https:\/\/archive.sana.sy\/tr\/index.php?rest_route=\/wp\/v2\/posts\/305681\/revisions\/305683"}],"wp:featuredmedia":[{"embeddable":true,"href":"https:\/\/archive.sana.sy\/tr\/index.php?rest_route=\/wp\/v2\/media\/305682"}],"wp:attachment":[{"href":"https:\/\/archive.sana.sy\/tr\/index.php?rest_route=%2Fwp%2Fv2%2Fmedia&parent=305681"}],"wp:term":[{"taxonomy":"category","embeddable":true,"href":"https:\/\/archive.sana.sy\/tr\/index.php?rest_route=%2Fwp%2Fv2%2Fcategories&post=305681"},{"taxonomy":"post_tag","embeddable":true,"href":"https:\/\/archive.sana.sy\/tr\/index.php?rest_route=%2Fwp%2Fv2%2Ftags&post=305681"}],"curies":[{"name":"wp","href":"https:\/\/api.w.org\/{rel}","templated":true}]}}