{"id":305684,"date":"2024-07-27T16:23:29","date_gmt":"2024-07-27T13:23:29","guid":{"rendered":"https:\/\/sana.sy\/tr\/?p=305684"},"modified":"2024-07-28T13:00:54","modified_gmt":"2024-07-28T10:00:54","slug":"lubnan-direnisi-el-cerda-noktasi-ve-miskvam-bolgesindeki-dusman-israili-hedef-aldi","status":"publish","type":"post","link":"https:\/\/archive.sana.sy\/tr\/?p=305684","title":{"rendered":"L\u00fcbnan Direni\u015fi El Cerda Noktas\u0131 Ve Miskvam b\u00f6lgesindeki D\u00fc\u015fman \u0130srail&#8217;i Hedef Ald\u0131"},"content":{"rendered":"<p style=\"text-align: justify;\"><strong>BEYRUT (SANA) &#8211;<\/strong> Bu sabah L\u00fcbnan direni\u015fi, EL Cerda\u00a0 noktas\u0131ndaki d\u00fc\u015fman \u0130srail&#8217;i ve Miskvam b\u00f6lgesindeki casus ekipmanlar\u0131n\u0131 hedef alarak her ikisinde de kesin kay\u0131plara neden oldu.<\/p>\n<p style=\"text-align: justify;\">Direni\u015f iki ayr\u0131 a\u00e7\u0131klamada \u015funlar\u0131 s\u00f6yledi: \u201cGazze \u015eeridi&#8217;ndeki kararl\u0131 Filistin halk\u0131m\u0131za destek ve onlar\u0131n yi\u011fit direni\u015fine destek veren direni\u015f sava\u015f\u00e7\u0131lar\u0131, f\u00fcze silahlar\u0131yla Cerdah noktas\u0131n\u0131 hedef alarak do\u011frudan isabetler elde ettiler. Ayr\u0131ca Miskvam sahas\u0131ndaki d\u00fc\u015fman\u0131n casus ekipmanlar\u0131n\u0131 da uygun silahlarla hedef alarak do\u011frudan isabet sa\u011flad\u0131lar.\u201d<\/p>\n<p style=\"text-align: center;\"><strong><a href=\"https:\/\/t.me\/SuriyeArapHaberAjansI\">Telegram Kanal\u0131m\u0131z\u00a0<\/a>||<a href=\"https:\/\/twitter.com\/arap_ajans\">X Platformumuz\u00a0<\/a>||<a href=\"https:\/\/www.facebook.com\/SANAHaberAjansi\/\">Facebook Sayfam\u0131z<\/a><\/strong><\/p>\n","protected":false},"excerpt":{"rendered":"<p>BEYRUT (SANA) &#8211; Bu sabah L\u00fcbnan direni\u015fi, EL Cerda\u00a0 noktas\u0131ndaki d\u00fc\u015fman \u0130srail&#8217;i ve Miskvam b\u00f6lgesindeki casus ekipmanlar\u0131n\u0131 hedef alarak her ikisinde de kesin kay\u0131plara neden oldu. Direni\u015f iki ayr\u0131 a\u00e7\u0131klamada \u015funlar\u0131 s\u00f6yledi: \u201cGazze \u015eeridi&#8217;ndeki kararl\u0131 Filistin halk\u0131m\u0131za destek ve onlar\u0131n yi\u011fit direni\u015fine destek veren direni\u015f sava\u015f\u00e7\u0131lar\u0131, f\u00fcze silahlar\u0131yla Cerdah noktas\u0131n\u0131 hedef alarak do\u011frudan isabetler elde &hellip;<\/p>\n","protected":false},"author":41,"featured_media":305685,"comment_status":"closed","ping_status":"closed","sticky":false,"template":"","format":"standard","meta":{"footnotes":""},"categories":[458,459,17988],"tags":[42016],"class_list":["post-305684","post","type-post","status-publish","format-standard","has-post-thumbnail","","category-dunya1","category-haberler-arap-uluslararasi-politika","category-son-haberler","tag-lubnan-direnisi-el-cerda-noktasi-ve-miskvam-bolgesindeki-dusman-israili-hedef-aldi"],"_links":{"self":[{"href":"https:\/\/archive.sana.sy\/tr\/index.php?rest_route=\/wp\/v2\/posts\/305684","targetHints":{"allow":["GET"]}}],"collection":[{"href":"https:\/\/archive.sana.sy\/tr\/index.php?rest_route=\/wp\/v2\/posts"}],"about":[{"href":"https:\/\/archive.sana.sy\/tr\/index.php?rest_route=\/wp\/v2\/types\/post"}],"author":[{"embeddable":true,"href":"https:\/\/archive.sana.sy\/tr\/index.php?rest_route=\/wp\/v2\/users\/41"}],"replies":[{"embeddable":true,"href":"https:\/\/archive.sana.sy\/tr\/index.php?rest_route=%2Fwp%2Fv2%2Fcomments&post=305684"}],"version-history":[{"count":2,"href":"https:\/\/archive.sana.sy\/tr\/index.php?rest_route=\/wp\/v2\/posts\/305684\/revisions"}],"predecessor-version":[{"id":305699,"href":"https:\/\/archive.sana.sy\/tr\/index.php?rest_route=\/wp\/v2\/posts\/305684\/revisions\/305699"}],"wp:featuredmedia":[{"embeddable":true,"href":"https:\/\/archive.sana.sy\/tr\/index.php?rest_route=\/wp\/v2\/media\/305685"}],"wp:attachment":[{"href":"https:\/\/archive.sana.sy\/tr\/index.php?rest_route=%2Fwp%2Fv2%2Fmedia&parent=305684"}],"wp:term":[{"taxonomy":"category","embeddable":true,"href":"https:\/\/archive.sana.sy\/tr\/index.php?rest_route=%2Fwp%2Fv2%2Fcategories&post=305684"},{"taxonomy":"post_tag","embeddable":true,"href":"https:\/\/archive.sana.sy\/tr\/index.php?rest_route=%2Fwp%2Fv2%2Ftags&post=305684"}],"curies":[{"name":"wp","href":"https:\/\/api.w.org\/{rel}","templated":true}]}}