{"id":305687,"date":"2024-07-27T16:30:46","date_gmt":"2024-07-27T13:30:46","guid":{"rendered":"https:\/\/sana.sy\/tr\/?p=305687"},"modified":"2024-07-28T13:00:59","modified_gmt":"2024-07-28T10:00:59","slug":"aaihio-filistinlilerin-zorla-yerinden-edilmesi-isgalin-gazzedeki-soykirim-sucu-konusundaki-israrini-yansitiyor","status":"publish","type":"post","link":"https:\/\/archive.sana.sy\/tr\/?p=305687","title":{"rendered":"AA\u0130H\u0130\u00d6: Filistinlilerin Zorla Yerinden Edilmesi, I\u015fgalin Gazze&#8217;deki Soyk\u0131r\u0131m Su\u00e7u Konusundaki Israr\u0131n\u0131 Yans\u0131t\u0131yor"},"content":{"rendered":"<p style=\"text-align: justify;\"><strong>CENEVRE (SANA)<\/strong> &#8211;\u00a0 Avrupa-Akdeniz \u0130nsan Haklar\u0131 \u0130zleme \u00d6rg\u00fct\u00fc, i\u015fgalci \u0130srail taraf\u0131ndan Gazze \u015eeridi&#8217;nin g\u00fcneyinde Refah&#8217;\u0131n kuzeyinde ve Han Yunus&#8217;un g\u00fcneyinde verilen zorla tahliye emirlerini ve Filistinlilerin evlerinden ve ya\u015fad\u0131klar\u0131 yerlerden s\u00fcr\u00fclmesi k\u0131nad\u0131.<\/p>\n<p style=\"text-align: justify;\">\u00d6rg\u00fct \u00a0bug\u00fcn yapt\u0131\u011f\u0131 a\u00e7\u0131klamada, Gazze \u015eeridi&#8217;nde yerinden edilmi\u015f ki\u015filerin zorla yerinden edilmesinin ve kitlesel \u00f6ld\u00fcr\u00fclmesinin \u0130srail&#8217;in soyk\u0131r\u0131m su\u00e7undaki \u0131srar\u0131n\u0131 yans\u0131tt\u0131\u011f\u0131n\u0131 do\u011frulayarak, son d\u00f6nemdeki zorla yerinden edilme s\u00fcrecinin, \u015fu ana kadar Gazze \u015eeridi&#8217;nde yakla\u015f\u0131k iki milyon Filistinliyi etkileyen en b\u00fcy\u00fck ve en yayg\u0131n kitlesel zorla yerinden edilme s\u00fcrecinin bir uzant\u0131s\u0131 olarak ortaya \u00e7\u0131kt\u0131\u011f\u0131na ve bunlar\u0131n \u00e7o\u011funlu\u011funun birka\u00e7 kez tekrar tekrar zorla yerinden edilmeye zorland\u0131\u011f\u0131na dikkat \u00e7ekti.<\/p>\n<p style=\"text-align: justify;\">i\u015fgalin toplu katliamlar yapma, evlerin, binalar\u0131n ve hayati altyap\u0131n\u0131n geni\u015f \u00e7apta tahrip edilmesine, t\u0131bbi bak\u0131mdan mahrum b\u0131rak\u0131lmas\u0131na, ya\u015fam\u0131n en temel ihtiya\u00e7lar\u0131n\u0131n yok edilmesine ve a\u00e7l\u0131\u011fa yol a\u00e7an sistematik politikas\u0131n\u0131 s\u00fcrd\u00fcrd\u00fc\u011f\u00fcn\u00fc a\u00e7\u0131klayan \u00f6rg\u00fct, ku\u015fatmay\u0131 s\u0131k\u0131la\u015ft\u0131r\u0131rken yerinden edilenleri s\u0131n\u0131rl\u0131 bir co\u011frafi alanda toplanmaya zorlamamak, do\u011frudan ve kas\u0131tl\u0131 olarak hedef almaya devam etmemek konusunda uyard\u0131.<\/p>\n<p style=\"text-align: justify;\">\u00d6rg\u00fct ayr\u0131ca, i\u015fgalin Filistinlilere kar\u015f\u0131 i\u015fledi\u011fi su\u00e7lar\u0131n devam etmesi, toplu katliamlar\u0131n yap\u0131lmas\u0131, a\u00e7l\u0131k, zorla yerinden edilme ve m\u00fclklerin tahrip edilmesinin, &#8220;\u0130srail&#8221;in Gazze \u015eeridi&#8217;ndeki Filistinlileri yok etmeyi ama\u00e7lad\u0131\u011f\u0131n\u0131 g\u00f6sterdi\u011fini kaydetti.<\/p>\n<p style=\"text-align: center;\"><strong><a href=\"https:\/\/t.me\/SuriyeArapHaberAjansI\">Telegram Kanal\u0131m\u0131z\u00a0<\/a>||<a href=\"https:\/\/twitter.com\/arap_ajans\">X Platformumuz\u00a0<\/a>||<a href=\"https:\/\/www.facebook.com\/SANAHaberAjansi\/\">Facebook Sayfam\u0131z<\/a><\/strong><\/p>\n","protected":false},"excerpt":{"rendered":"<p>CENEVRE (SANA) &#8211;\u00a0 Avrupa-Akdeniz \u0130nsan Haklar\u0131 \u0130zleme \u00d6rg\u00fct\u00fc, i\u015fgalci \u0130srail taraf\u0131ndan Gazze \u015eeridi&#8217;nin g\u00fcneyinde Refah&#8217;\u0131n kuzeyinde ve Han Yunus&#8217;un g\u00fcneyinde verilen zorla tahliye emirlerini ve Filistinlilerin evlerinden ve ya\u015fad\u0131klar\u0131 yerlerden s\u00fcr\u00fclmesi k\u0131nad\u0131. \u00d6rg\u00fct \u00a0bug\u00fcn yapt\u0131\u011f\u0131 a\u00e7\u0131klamada, Gazze \u015eeridi&#8217;nde yerinden edilmi\u015f ki\u015filerin zorla yerinden edilmesinin ve kitlesel \u00f6ld\u00fcr\u00fclmesinin \u0130srail&#8217;in soyk\u0131r\u0131m su\u00e7undaki \u0131srar\u0131n\u0131 yans\u0131tt\u0131\u011f\u0131n\u0131 do\u011frulayarak, son d\u00f6nemdeki &hellip;<\/p>\n","protected":false},"author":41,"featured_media":305688,"comment_status":"closed","ping_status":"closed","sticky":false,"template":"","format":"standard","meta":{"footnotes":""},"categories":[458,459,17988],"tags":[],"class_list":["post-305687","post","type-post","status-publish","format-standard","has-post-thumbnail","","category-dunya1","category-haberler-arap-uluslararasi-politika","category-son-haberler"],"_links":{"self":[{"href":"https:\/\/archive.sana.sy\/tr\/index.php?rest_route=\/wp\/v2\/posts\/305687","targetHints":{"allow":["GET"]}}],"collection":[{"href":"https:\/\/archive.sana.sy\/tr\/index.php?rest_route=\/wp\/v2\/posts"}],"about":[{"href":"https:\/\/archive.sana.sy\/tr\/index.php?rest_route=\/wp\/v2\/types\/post"}],"author":[{"embeddable":true,"href":"https:\/\/archive.sana.sy\/tr\/index.php?rest_route=\/wp\/v2\/users\/41"}],"replies":[{"embeddable":true,"href":"https:\/\/archive.sana.sy\/tr\/index.php?rest_route=%2Fwp%2Fv2%2Fcomments&post=305687"}],"version-history":[{"count":2,"href":"https:\/\/archive.sana.sy\/tr\/index.php?rest_route=\/wp\/v2\/posts\/305687\/revisions"}],"predecessor-version":[{"id":305690,"href":"https:\/\/archive.sana.sy\/tr\/index.php?rest_route=\/wp\/v2\/posts\/305687\/revisions\/305690"}],"wp:featuredmedia":[{"embeddable":true,"href":"https:\/\/archive.sana.sy\/tr\/index.php?rest_route=\/wp\/v2\/media\/305688"}],"wp:attachment":[{"href":"https:\/\/archive.sana.sy\/tr\/index.php?rest_route=%2Fwp%2Fv2%2Fmedia&parent=305687"}],"wp:term":[{"taxonomy":"category","embeddable":true,"href":"https:\/\/archive.sana.sy\/tr\/index.php?rest_route=%2Fwp%2Fv2%2Fcategories&post=305687"},{"taxonomy":"post_tag","embeddable":true,"href":"https:\/\/archive.sana.sy\/tr\/index.php?rest_route=%2Fwp%2Fv2%2Ftags&post=305687"}],"curies":[{"name":"wp","href":"https:\/\/api.w.org\/{rel}","templated":true}]}}