{"id":305691,"date":"2024-07-27T16:36:27","date_gmt":"2024-07-27T13:36:27","guid":{"rendered":"https:\/\/sana.sy\/tr\/?p=305691"},"modified":"2024-07-28T13:01:03","modified_gmt":"2024-07-28T10:01:03","slug":"lubnan-direnisi-isgal-altindaki-filistin-sinirindaki-bir-israil-dusman-mevzisini-ihalarla-hedef-aldi","status":"publish","type":"post","link":"https:\/\/archive.sana.sy\/tr\/?p=305691","title":{"rendered":"L\u00fcbnan Direni\u015fi, \u0130\u015fgal Edilen Filistin S\u0131n\u0131r\u0131ndaki Bir \u0130srail D\u00fc\u015fman Mevzisini \u0130HA\u2019larla Hedef Ald\u0131"},"content":{"rendered":"<p style=\"text-align: justify;\"><strong>\u0130\u015eGAL ED\u0130LEN KUD\u00dcS (SANA) &#8211;<\/strong>\u00a0 L\u00fcbnan Direni\u015fi bug\u00fcn, i\u015fgal alt\u0131ndaki L\u00fcbnan k\u00f6y\u00fc Kud\u00fcs&#8217;teki &#8220;Yifthah&#8221; k\u0131\u015flas\u0131 yak\u0131n\u0131ndaki \u0130srailli d\u00fc\u015fman asker ve subaylar\u0131n\u0131n mevzisini hedef ald\u0131\u011f\u0131n\u0131 duyurdu.<\/p>\n<p style=\"text-align: justify;\">Direni\u015f yapt\u0131\u011f\u0131 a\u00e7\u0131klamada \u015funlar\u0131 s\u00f6yledi: &#8220;Gazze \u015eeridi&#8217;ndeki kararl\u0131 Filistin halk\u0131m\u0131za destek olarak, onlar\u0131n cesur ve onurlu direni\u015fine destek ve \u0130srail d\u00fc\u015fman\u0131n\u0131n Markaba kasabas\u0131nda ger\u00e7ekle\u015ftirdi\u011fi sald\u0131r\u0131 ve suikasta yan\u0131t olarak, bug\u00fcn sava\u015f\u00e7\u0131lar\u0131m\u0131z z\u0131rhl\u0131 birlikteki subay ve askerlerin mevzi ve istikrar\u0131n\u0131 hedef alan h\u00fccum y\u00fcr\u00fcy\u00fc\u015fleriyle hava sald\u0131r\u0131s\u0131 ba\u015flatt\u0131. Bu z\u0131rhl\u0131 birlik yak\u0131n zamanda Yiftah K\u0131\u015flas\u0131&#8217;n\u0131n kuzeyinde konu\u015fland\u0131 ve \u00e7ad\u0131rlar\u0131n\u0131 vurarak \u00f6l\u00fc ve yaral\u0131lara yol a\u00e7t\u0131.&#8221;<\/p>\n<p style=\"text-align: center;\"><strong><a href=\"https:\/\/t.me\/SuriyeArapHaberAjansI\">Telegram Kanal\u0131m\u0131z\u00a0<\/a>||<a href=\"https:\/\/twitter.com\/arap_ajans\">X Platformumuz\u00a0<\/a>||<a href=\"https:\/\/www.facebook.com\/SANAHaberAjansi\/\">Facebook Sayfam\u0131z<\/a><\/strong><\/p>\n","protected":false},"excerpt":{"rendered":"<p>\u0130\u015eGAL ED\u0130LEN KUD\u00dcS (SANA) &#8211;\u00a0 L\u00fcbnan Direni\u015fi bug\u00fcn, i\u015fgal alt\u0131ndaki L\u00fcbnan k\u00f6y\u00fc Kud\u00fcs&#8217;teki &#8220;Yifthah&#8221; k\u0131\u015flas\u0131 yak\u0131n\u0131ndaki \u0130srailli d\u00fc\u015fman asker ve subaylar\u0131n\u0131n mevzisini hedef ald\u0131\u011f\u0131n\u0131 duyurdu. Direni\u015f yapt\u0131\u011f\u0131 a\u00e7\u0131klamada \u015funlar\u0131 s\u00f6yledi: &#8220;Gazze \u015eeridi&#8217;ndeki kararl\u0131 Filistin halk\u0131m\u0131za destek olarak, onlar\u0131n cesur ve onurlu direni\u015fine destek ve \u0130srail d\u00fc\u015fman\u0131n\u0131n Markaba kasabas\u0131nda ger\u00e7ekle\u015ftirdi\u011fi sald\u0131r\u0131 ve suikasta yan\u0131t olarak, bug\u00fcn &hellip;<\/p>\n","protected":false},"author":41,"featured_media":305693,"comment_status":"closed","ping_status":"closed","sticky":false,"template":"","format":"standard","meta":{"footnotes":""},"categories":[458,459,17988],"tags":[42017,31415],"class_list":["post-305691","post","type-post","status-publish","format-standard","has-post-thumbnail","","category-dunya1","category-haberler-arap-uluslararasi-politika","category-son-haberler","tag-isgal-altindaki-filistin-sinirindaki-bir-israil-dusman-mevzisini-ihalarla-hedef-aldi","tag-lubnan-direnisi"],"_links":{"self":[{"href":"https:\/\/archive.sana.sy\/tr\/index.php?rest_route=\/wp\/v2\/posts\/305691","targetHints":{"allow":["GET"]}}],"collection":[{"href":"https:\/\/archive.sana.sy\/tr\/index.php?rest_route=\/wp\/v2\/posts"}],"about":[{"href":"https:\/\/archive.sana.sy\/tr\/index.php?rest_route=\/wp\/v2\/types\/post"}],"author":[{"embeddable":true,"href":"https:\/\/archive.sana.sy\/tr\/index.php?rest_route=\/wp\/v2\/users\/41"}],"replies":[{"embeddable":true,"href":"https:\/\/archive.sana.sy\/tr\/index.php?rest_route=%2Fwp%2Fv2%2Fcomments&post=305691"}],"version-history":[{"count":2,"href":"https:\/\/archive.sana.sy\/tr\/index.php?rest_route=\/wp\/v2\/posts\/305691\/revisions"}],"predecessor-version":[{"id":305710,"href":"https:\/\/archive.sana.sy\/tr\/index.php?rest_route=\/wp\/v2\/posts\/305691\/revisions\/305710"}],"wp:featuredmedia":[{"embeddable":true,"href":"https:\/\/archive.sana.sy\/tr\/index.php?rest_route=\/wp\/v2\/media\/305693"}],"wp:attachment":[{"href":"https:\/\/archive.sana.sy\/tr\/index.php?rest_route=%2Fwp%2Fv2%2Fmedia&parent=305691"}],"wp:term":[{"taxonomy":"category","embeddable":true,"href":"https:\/\/archive.sana.sy\/tr\/index.php?rest_route=%2Fwp%2Fv2%2Fcategories&post=305691"},{"taxonomy":"post_tag","embeddable":true,"href":"https:\/\/archive.sana.sy\/tr\/index.php?rest_route=%2Fwp%2Fv2%2Ftags&post=305691"}],"curies":[{"name":"wp","href":"https:\/\/api.w.org\/{rel}","templated":true}]}}