{"id":305701,"date":"2024-07-27T06:25:48","date_gmt":"2024-07-27T03:25:48","guid":{"rendered":"https:\/\/sana.sy\/tr\/?p=305701"},"modified":"2024-07-27T17:26:31","modified_gmt":"2024-07-27T14:26:31","slug":"rusyanin-volgograd-kentinde-bir-rus-su-34-savas-ucagi-dustu","status":"publish","type":"post","link":"https:\/\/archive.sana.sy\/tr\/?p=305701","title":{"rendered":"Rusya&#8217;n\u0131n Volgograd Kentinde Bir Rus Su-34 Sava\u015f U\u00e7a\u011f\u0131 D\u00fc\u015ft\u00fc"},"content":{"rendered":"<p style=\"text-align: justify;\"><strong>MOSKOVA <\/strong><strong>(SANA) &#8211;<\/strong> Rusya Savunma Bakanl\u0131\u011f\u0131, bug\u00fcn \u00fclkenin merkezindeki Volgograd b\u00f6lgesinde bir Su-34 sava\u015f u\u00e7a\u011f\u0131n\u0131n e\u011fitim g\u00f6revi s\u0131ras\u0131nda d\u00fc\u015ft\u00fc\u011f\u00fcn\u00fc duyurdu.<\/p>\n<p style=\"text-align: justify;\">Russia Today internet sitesinde bakanl\u0131\u011f\u0131n yapt\u0131\u011f\u0131 a\u00e7\u0131klamada \u015fu ifadelere yer verildi: \u00a0\u2018\u2019Rus Havac\u0131l\u0131k ve Uzay Kuvvetleri&#8217;ne ait u\u00e7a\u011f\u0131n rutin e\u011fitim u\u00e7u\u015fu s\u0131ras\u0131nda d\u00fc\u015ft\u00fc\u011f\u00fcn\u00fc, iki pilotun daha yere \u00e7arpmadan para\u015f\u00fctle atlad\u0131\u011f\u0131n\u0131 ve hayati tehlikelerinin bulunmad\u0131\u011f\u0131n\u0131 g\u00f6sterdi.\u2019\u2019<\/p>\n<p style=\"text-align: justify;\">A\u00e7\u0131klamaya g\u00f6re u\u00e7a\u011f\u0131n m\u00fchimmat ta\u015f\u0131mad\u0131\u011f\u0131 ve yere zarar vermeden \u0131ss\u0131z bir b\u00f6lgeye d\u00fc\u015ft\u00fc\u011f\u00fc belirtildi.<\/p>\n<p style=\"text-align: justify;\">A\u00e7\u0131klama ayr\u0131ca, Kazan\u0131n as\u0131l sebebinin teknik ar\u0131za oldu\u011funu, kaza yerinde havac\u0131l\u0131k ve uzay kuvvetlerine ba\u011fl\u0131 bir komitenin \u00e7al\u0131\u015ft\u0131\u011f\u0131n\u0131 kaydetti.<\/p>\n<p style=\"text-align: center;\"><strong><a href=\"https:\/\/t.me\/SuriyeArapHaberAjansI\">Telegram Kanal\u0131m\u0131z\u00a0<\/a>||<a href=\"https:\/\/twitter.com\/arap_ajans\">X Platformumuz\u00a0<\/a>||<a href=\"https:\/\/www.facebook.com\/SANAHaberAjansi\/\">Facebook Sayfam\u0131z<\/a><\/strong><\/p>\n","protected":false},"excerpt":{"rendered":"<p>MOSKOVA (SANA) &#8211; Rusya Savunma Bakanl\u0131\u011f\u0131, bug\u00fcn \u00fclkenin merkezindeki Volgograd b\u00f6lgesinde bir Su-34 sava\u015f u\u00e7a\u011f\u0131n\u0131n e\u011fitim g\u00f6revi s\u0131ras\u0131nda d\u00fc\u015ft\u00fc\u011f\u00fcn\u00fc duyurdu. Russia Today internet sitesinde bakanl\u0131\u011f\u0131n yapt\u0131\u011f\u0131 a\u00e7\u0131klamada \u015fu ifadelere yer verildi: \u00a0\u2018\u2019Rus Havac\u0131l\u0131k ve Uzay Kuvvetleri&#8217;ne ait u\u00e7a\u011f\u0131n rutin e\u011fitim u\u00e7u\u015fu s\u0131ras\u0131nda d\u00fc\u015ft\u00fc\u011f\u00fcn\u00fc, iki pilotun daha yere \u00e7arpmadan para\u015f\u00fctle atlad\u0131\u011f\u0131n\u0131 ve hayati tehlikelerinin bulunmad\u0131\u011f\u0131n\u0131 g\u00f6sterdi.\u2019\u2019 &hellip;<\/p>\n","protected":false},"author":41,"featured_media":305702,"comment_status":"closed","ping_status":"closed","sticky":false,"template":"","format":"standard","meta":{"footnotes":""},"categories":[458,459,17988],"tags":[],"class_list":["post-305701","post","type-post","status-publish","format-standard","has-post-thumbnail","","category-dunya1","category-haberler-arap-uluslararasi-politika","category-son-haberler"],"_links":{"self":[{"href":"https:\/\/archive.sana.sy\/tr\/index.php?rest_route=\/wp\/v2\/posts\/305701","targetHints":{"allow":["GET"]}}],"collection":[{"href":"https:\/\/archive.sana.sy\/tr\/index.php?rest_route=\/wp\/v2\/posts"}],"about":[{"href":"https:\/\/archive.sana.sy\/tr\/index.php?rest_route=\/wp\/v2\/types\/post"}],"author":[{"embeddable":true,"href":"https:\/\/archive.sana.sy\/tr\/index.php?rest_route=\/wp\/v2\/users\/41"}],"replies":[{"embeddable":true,"href":"https:\/\/archive.sana.sy\/tr\/index.php?rest_route=%2Fwp%2Fv2%2Fcomments&post=305701"}],"version-history":[{"count":1,"href":"https:\/\/archive.sana.sy\/tr\/index.php?rest_route=\/wp\/v2\/posts\/305701\/revisions"}],"predecessor-version":[{"id":305703,"href":"https:\/\/archive.sana.sy\/tr\/index.php?rest_route=\/wp\/v2\/posts\/305701\/revisions\/305703"}],"wp:featuredmedia":[{"embeddable":true,"href":"https:\/\/archive.sana.sy\/tr\/index.php?rest_route=\/wp\/v2\/media\/305702"}],"wp:attachment":[{"href":"https:\/\/archive.sana.sy\/tr\/index.php?rest_route=%2Fwp%2Fv2%2Fmedia&parent=305701"}],"wp:term":[{"taxonomy":"category","embeddable":true,"href":"https:\/\/archive.sana.sy\/tr\/index.php?rest_route=%2Fwp%2Fv2%2Fcategories&post=305701"},{"taxonomy":"post_tag","embeddable":true,"href":"https:\/\/archive.sana.sy\/tr\/index.php?rest_route=%2Fwp%2Fv2%2Ftags&post=305701"}],"curies":[{"name":"wp","href":"https:\/\/api.w.org\/{rel}","templated":true}]}}