{"id":305763,"date":"2024-07-29T10:46:18","date_gmt":"2024-07-29T07:46:18","guid":{"rendered":"https:\/\/sana.sy\/tr\/?p=305763"},"modified":"2024-07-31T08:03:11","modified_gmt":"2024-07-31T05:03:11","slug":"cumhurbaskani-esad-dorduncu-yasama-donemi-icin-halk-meclisi-uyeligini-kazananlarin-isimlerini-iceren-bir-kararname-yayinladi","status":"publish","type":"post","link":"https:\/\/archive.sana.sy\/tr\/?p=305763","title":{"rendered":"Cumhurba\u015fkan\u0131 Esad, D\u00f6rd\u00fcnc\u00fc Yasama D\u00f6nemi \u0130\u00e7in Halk Meclisi \u00dcyeli\u011fini Kazananlar\u0131n \u0130simlerini \u0130\u00e7eren Bir Kararname Yay\u0131nlad\u0131"},"content":{"rendered":"<p style=\"text-align: justify;\"><strong>\u015eAM (SANA)<\/strong> \u2013 Cumhurba\u015fkan\u0131 Be\u015f\u015far Esad, d\u00f6rd\u00fcnc\u00fc yasama d\u00f6nemi Halk Meclisi se\u00e7imlerini kazanan \u00fcyelerin isimlerini i\u00e7eren 2024 y\u0131l\u0131 i\u00e7in 194 say\u0131l\u0131 Kararnameyi yay\u0131nlad\u0131.<\/p>\n<p style=\"text-align: center;\"><strong><a href=\"https:\/\/t.me\/SuriyeArapHaberAjansI\">Telegram Kanal\u0131m\u0131z\u00a0<\/a><span style=\"color: #ff0000;\">||<\/span><a href=\"https:\/\/twitter.com\/arap_ajans\">X Platformumuz\u00a0<\/a><span style=\"color: #ff0000;\">||<\/span><a href=\"https:\/\/www.facebook.com\/SANAHaberAjansi\/\">Facebook Sayfam\u0131z<\/a><\/strong><\/p>\n","protected":false},"excerpt":{"rendered":"<p>\u015eAM (SANA) \u2013 Cumhurba\u015fkan\u0131 Be\u015f\u015far Esad, d\u00f6rd\u00fcnc\u00fc yasama d\u00f6nemi Halk Meclisi se\u00e7imlerini kazanan \u00fcyelerin isimlerini i\u00e7eren 2024 y\u0131l\u0131 i\u00e7in 194 say\u0131l\u0131 Kararnameyi yay\u0131nlad\u0131. Telegram Kanal\u0131m\u0131z\u00a0||X Platformumuz\u00a0||Facebook Sayfam\u0131z<\/p>\n","protected":false},"author":39,"featured_media":305764,"comment_status":"closed","ping_status":"closed","sticky":false,"template":"","format":"standard","meta":{"footnotes":""},"categories":[606,479,605,17988,612,478],"tags":[],"class_list":["post-305763","post","type-post","status-publish","format-standard","has-post-thumbnail","","category-cumhurbaskani","category-haberler-yerel","category-sayin-cumhurbaskani","category-son-haberler","category-yasama-kararnameler","category-yerel"],"_links":{"self":[{"href":"https:\/\/archive.sana.sy\/tr\/index.php?rest_route=\/wp\/v2\/posts\/305763","targetHints":{"allow":["GET"]}}],"collection":[{"href":"https:\/\/archive.sana.sy\/tr\/index.php?rest_route=\/wp\/v2\/posts"}],"about":[{"href":"https:\/\/archive.sana.sy\/tr\/index.php?rest_route=\/wp\/v2\/types\/post"}],"author":[{"embeddable":true,"href":"https:\/\/archive.sana.sy\/tr\/index.php?rest_route=\/wp\/v2\/users\/39"}],"replies":[{"embeddable":true,"href":"https:\/\/archive.sana.sy\/tr\/index.php?rest_route=%2Fwp%2Fv2%2Fcomments&post=305763"}],"version-history":[{"count":2,"href":"https:\/\/archive.sana.sy\/tr\/index.php?rest_route=\/wp\/v2\/posts\/305763\/revisions"}],"predecessor-version":[{"id":305791,"href":"https:\/\/archive.sana.sy\/tr\/index.php?rest_route=\/wp\/v2\/posts\/305763\/revisions\/305791"}],"wp:featuredmedia":[{"embeddable":true,"href":"https:\/\/archive.sana.sy\/tr\/index.php?rest_route=\/wp\/v2\/media\/305764"}],"wp:attachment":[{"href":"https:\/\/archive.sana.sy\/tr\/index.php?rest_route=%2Fwp%2Fv2%2Fmedia&parent=305763"}],"wp:term":[{"taxonomy":"category","embeddable":true,"href":"https:\/\/archive.sana.sy\/tr\/index.php?rest_route=%2Fwp%2Fv2%2Fcategories&post=305763"},{"taxonomy":"post_tag","embeddable":true,"href":"https:\/\/archive.sana.sy\/tr\/index.php?rest_route=%2Fwp%2Fv2%2Ftags&post=305763"}],"curies":[{"name":"wp","href":"https:\/\/api.w.org\/{rel}","templated":true}]}}