{"id":305775,"date":"2024-07-29T12:27:45","date_gmt":"2024-07-29T09:27:45","guid":{"rendered":"https:\/\/sana.sy\/tr\/?p=305775"},"modified":"2024-07-31T08:04:07","modified_gmt":"2024-07-31T05:04:07","slug":"mikdad-birlesmis-milletler-barisi-koruma-operasyonlarindan-sorumlu-genel-sekreter-yardimcisi-ile-gorustu-2","status":"publish","type":"post","link":"https:\/\/archive.sana.sy\/tr\/?p=305775","title":{"rendered":"Mikdad, Birle\u015fmi\u015f Milletler Bar\u0131\u015f\u0131 Koruma Operasyonlar\u0131ndan Sorumlu Genel Sekreter Yard\u0131mc\u0131s\u0131 \u0130le G\u00f6r\u00fc\u015ft\u00fc"},"content":{"rendered":"<p style=\"text-align: justify;\"><strong>\u015eAM (SANA) \u2013<\/strong>D\u0131\u015fi\u015fleri ve Gurbet\u00e7iler Bakan\u0131 Faysal Mikdad, Birle\u015fmi\u015f Milletler&#8217;in \u0130srail i\u015fgalinin ihlallerini ve<\/p>\n<p><img loading=\"lazy\" decoding=\"async\" class=\"wp-image-305794 alignright\" src=\"http:\/\/sana.sy\/tr\/wp-content\/uploads\/2024\/07\/MAH_9266-300x200-1.jpg\" alt=\"\" width=\"194\" height=\"129\" \/><\/p>\n<p style=\"text-align: justify;\">Suriye&#8217;ye y\u00f6nelik defalarca sald\u0131r\u0131lar\u0131n\u0131 ortaya \u00e7\u0131karmas\u0131 ve i\u015fgal alt\u0131ndaki Suriye Golan&#8217;\u0131nda halk\u0131m\u0131za y\u00f6nelik uygulamalar\u0131 durdurmak i\u00e7in m\u00fcdahale etmesi gerekti\u011fini vurgulad\u0131.<\/p>\n<p style=\"text-align: justify;\">Mikdad Birle\u015fmi\u015f Milletler Bar\u0131\u015f\u0131 Koruma Operasyonlar\u0131ndan Sorumlu Genel Sekreter Yard\u0131mc\u0131s\u0131 Jean-Pierre Lacroix ve beraberindeki heyetle bug\u00fcn yapt\u0131\u011f\u0131 g\u00f6r\u00fc\u015fmede, Suriye&#8217;nin i\u015fgal alt\u0131ndaki Suriye Golan&#8217;\u0131ndaki Birle\u015fmi\u015f Milletler Ate\u015fkes G\u00fcc\u00fc&#8217;ne verilen yetkiyi yerine getirmesi i\u00e7in i\u015fbirli\u011fi yapmaya ve gerekli kolayl\u0131klar\u0131 sa\u011flamaya devam etti\u011fine dikkat \u00e7ekti.<\/p>\n<p><img loading=\"lazy\" decoding=\"async\" class=\"wp-image-305796 alignright\" src=\"http:\/\/sana.sy\/tr\/wp-content\/uploads\/2024\/07\/MAH_9242-300x180-1.jpg\" alt=\"\" width=\"197\" height=\"118\" \/><\/p>\n<p style=\"text-align: justify;\">Mikdad ayr\u0131ca, Suriye&#8217;nin i\u015fgal alt\u0131ndaki Golan&#8217;\u0131 yeniden tesis etme y\u00f6n\u00fcndeki yerle\u015fik ve me\u015fru hakk\u0131n\u0131n bulundu\u011funu ve Birle\u015fmi\u015f Milletler&#8217;in \u0130srail&#8217;in Suriye&#8217;ye y\u00f6nelik tekrarlanan ihlallerini ve sald\u0131r\u0131lar\u0131n\u0131 ortaya \u00e7\u0131karmas\u0131 ve \u0130srail i\u015fgalinin i\u015fgal alt\u0131ndaki Golan&#8217;daki halk\u0131m\u0131za y\u00f6nelik uygulamalar\u0131n\u0131 durdurmak i\u00e7in m\u00fcdahale etmesi gerekti\u011fini vurgularken, i\u015fgal g\u00fc\u00e7lerinin \u00f6nceki g\u00fcn i\u015fgal alt\u0131ndaki Mecdal \u015eems&#8217;te i\u015fledi\u011fi menfur su\u00e7u k\u0131nad\u0131.<\/p>\n<p style=\"text-align: justify;\">Lacroix ise Suriye h\u00fck\u00fcmetinin sa\u011flad\u0131\u011f\u0131 i\u015fbirli\u011fini ve kolayl\u0131klar\u0131 memnuniyetle kar\u015f\u0131lad\u0131 ve Birle\u015fmi\u015f Milletler bar\u0131\u015f\u0131 koruma operasyonlar\u0131n\u0131n uluslararas\u0131 bar\u0131\u015f ve g\u00fcvenli\u011fin korunmas\u0131 ve g\u00fc\u00e7lendirilmesindeki rol\u00fcne ve b\u00f6lgedeki gerilimin durdurulmas\u0131na y\u00f6nelik \u00e7abalar\u0131n \u00f6nemine dikkat \u00e7ekti.<\/p>\n<p style=\"text-align: center;\"><strong><a href=\"https:\/\/t.me\/SuriyeArapHaberAjansI\">Telegram Kanal\u0131m\u0131z\u00a0<\/a>||<a href=\"https:\/\/twitter.com\/arap_ajans\">X Platformumuz\u00a0<\/a>||<a href=\"https:\/\/www.facebook.com\/SANAHaberAjansi\/\">Facebook Sayfam\u0131z<\/a><\/strong><\/p>\n","protected":false},"excerpt":{"rendered":"<p>\u015eAM (SANA) \u2013D\u0131\u015fi\u015fleri ve Gurbet\u00e7iler Bakan\u0131 Faysal Mikdad, Birle\u015fmi\u015f Milletler&#8217;in \u0130srail i\u015fgalinin ihlallerini ve Suriye&#8217;ye y\u00f6nelik defalarca sald\u0131r\u0131lar\u0131n\u0131 ortaya \u00e7\u0131karmas\u0131 ve i\u015fgal alt\u0131ndaki Suriye Golan&#8217;\u0131nda halk\u0131m\u0131za y\u00f6nelik uygulamalar\u0131 durdurmak i\u00e7in m\u00fcdahale etmesi gerekti\u011fini vurgulad\u0131. Mikdad Birle\u015fmi\u015f Milletler Bar\u0131\u015f\u0131 Koruma Operasyonlar\u0131ndan Sorumlu Genel Sekreter Yard\u0131mc\u0131s\u0131 Jean-Pierre Lacroix ve beraberindeki heyetle bug\u00fcn yapt\u0131\u011f\u0131 g\u00f6r\u00fc\u015fmede, Suriye&#8217;nin i\u015fgal alt\u0131ndaki &hellip;<\/p>\n","protected":false},"author":39,"featured_media":305797,"comment_status":"closed","ping_status":"closed","sticky":false,"template":"","format":"standard","meta":{"footnotes":""},"categories":[479,17988,478],"tags":[],"class_list":["post-305775","post","type-post","status-publish","format-standard","has-post-thumbnail","","category-haberler-yerel","category-son-haberler","category-yerel"],"_links":{"self":[{"href":"https:\/\/archive.sana.sy\/tr\/index.php?rest_route=\/wp\/v2\/posts\/305775","targetHints":{"allow":["GET"]}}],"collection":[{"href":"https:\/\/archive.sana.sy\/tr\/index.php?rest_route=\/wp\/v2\/posts"}],"about":[{"href":"https:\/\/archive.sana.sy\/tr\/index.php?rest_route=\/wp\/v2\/types\/post"}],"author":[{"embeddable":true,"href":"https:\/\/archive.sana.sy\/tr\/index.php?rest_route=\/wp\/v2\/users\/39"}],"replies":[{"embeddable":true,"href":"https:\/\/archive.sana.sy\/tr\/index.php?rest_route=%2Fwp%2Fv2%2Fcomments&post=305775"}],"version-history":[{"count":4,"href":"https:\/\/archive.sana.sy\/tr\/index.php?rest_route=\/wp\/v2\/posts\/305775\/revisions"}],"predecessor-version":[{"id":305806,"href":"https:\/\/archive.sana.sy\/tr\/index.php?rest_route=\/wp\/v2\/posts\/305775\/revisions\/305806"}],"wp:featuredmedia":[{"embeddable":true,"href":"https:\/\/archive.sana.sy\/tr\/index.php?rest_route=\/wp\/v2\/media\/305797"}],"wp:attachment":[{"href":"https:\/\/archive.sana.sy\/tr\/index.php?rest_route=%2Fwp%2Fv2%2Fmedia&parent=305775"}],"wp:term":[{"taxonomy":"category","embeddable":true,"href":"https:\/\/archive.sana.sy\/tr\/index.php?rest_route=%2Fwp%2Fv2%2Fcategories&post=305775"},{"taxonomy":"post_tag","embeddable":true,"href":"https:\/\/archive.sana.sy\/tr\/index.php?rest_route=%2Fwp%2Fv2%2Ftags&post=305775"}],"curies":[{"name":"wp","href":"https:\/\/api.w.org\/{rel}","templated":true}]}}