{"id":305778,"date":"2024-07-29T12:41:02","date_gmt":"2024-07-29T09:41:02","guid":{"rendered":"https:\/\/sana.sy\/tr\/?p=305778"},"modified":"2024-07-31T09:49:02","modified_gmt":"2024-07-31T06:49:02","slug":"cumhurbaskani-esad-baskan-maduroyu-baskanlik-secimlerindeki-zaferinden-dolayi-tebrik-etti-ve-bagimsiz-karar-ve-iradeye-sahip-ulkeler-arasindaki-isbirliginin-onemini-vurguladi","status":"publish","type":"post","link":"https:\/\/archive.sana.sy\/tr\/?p=305778","title":{"rendered":"Cumhurba\u015fkan\u0131 Esad, Ba\u015fkan Maduro&#8217;yu Ba\u015fkanl\u0131k Se\u00e7imlerindeki Zaferinden Dolay\u0131 Tebrik Etti Ve Ba\u011f\u0131ms\u0131z Karar Ve \u0130radeye Sahip \u00dclkeler Aras\u0131ndaki \u0130\u015fbirli\u011finin \u00d6nemini Vurgulad\u0131"},"content":{"rendered":"<p style=\"text-align: justify;\"><strong>\u015eAM (SANA) \u2013<\/strong> Cumhurba\u015fkan\u0131 Be\u015f\u015far Esad, Ba\u015fkan Nicolas Maduro\u2019yu ba\u015fkanl\u0131k se\u00e7imlerindeki b\u00fcy\u00fck zaferi nedeniyle tebrik ederek, \u00fclkelerinin egemenli\u011fine ve anayasas\u0131na ba\u011fl\u0131l\u0131klar\u0131n\u0131, i\u00e7 i\u015flerine m\u00fcdahaleye y\u00f6nelik her t\u00fcrl\u00fc giri\u015fimden uzak, \u00f6zg\u00fcr ve ba\u011f\u0131ms\u0131z iradelerini ifade ettikleri \u00f6nemli se\u00e7im s\u00fcre\u00e7lerinden ba\u015far\u0131s\u0131ndan dolay\u0131 dost Venez\u00fcela halk\u0131n\u0131 kutlad\u0131.<\/p>\n<p style=\"text-align: justify;\">Cumhurba\u015fkan\u0131 Esad ayr\u0131ca, Ba\u015fkan Maduro&#8217;ya g\u00f6nderdi\u011fi telgrafta, d\u00fcnyan\u0131n tan\u0131k oldu\u011fu de\u011fi\u015fim ve geli\u015fmelerin, ba\u011f\u0131ms\u0131z \u00fclkeler olarak kararl\u0131l\u0131kla ve iradeyle en \u00fcst d\u00fczeyde i\u015fbirli\u011fi ve kar\u015f\u0131l\u0131kl\u0131 destek aramam\u0131z\u0131 gerektirdi\u011fini vurgularken, ayn\u0131 zamanda ilke ve de\u011ferlerimizi payla\u015fan, d\u00fcnyada iyilik ve bar\u0131\u015f\u0131 arayan t\u00fcm \u00fclkelerle ortakl\u0131klar kurmay\u0131 gerektirdi\u011fini kaydetti.<\/p>\n<p style=\"text-align: justify;\">Cumhurba\u015fkan\u0131 Esad telegraf\u0131nda da, Suriye&#8217;nin, Suriye ile Venez\u00fcela aras\u0131ndaki tarihi dostluk ili\u015fkilerinin her d\u00fczeyde y\u00fckseli\u015f e\u011filimi g\u00f6stermesini sa\u011flama, ikili i\u015fbirli\u011fini g\u00fc\u00e7lendirme ve iki dost \u00fclke ve halk\u0131n ortak \u00e7\u0131karlar\u0131n\u0131 g\u00f6zetecek \u015fekilde ufuklar\u0131n\u0131 geni\u015fletme konusundaki s\u00fcrekli isteklili\u011finin alt\u0131n\u0131 \u00e7izdi.<\/p>\n<p style=\"text-align: center;\"><strong><a href=\"https:\/\/t.me\/SuriyeArapHaberAjansI\">Telegram Kanal\u0131m\u0131z\u00a0<\/a><span style=\"color: #ff0000;\">||<\/span><a href=\"https:\/\/twitter.com\/arap_ajans\">X Platformumuz\u00a0<\/a><span style=\"color: #ff0000;\">||<\/span><a href=\"https:\/\/www.facebook.com\/SANAHaberAjansi\/\">Facebook Sayfam\u0131z<\/a><\/strong><\/p>\n","protected":false},"excerpt":{"rendered":"<p>\u015eAM (SANA) \u2013 Cumhurba\u015fkan\u0131 Be\u015f\u015far Esad, Ba\u015fkan Nicolas Maduro\u2019yu ba\u015fkanl\u0131k se\u00e7imlerindeki b\u00fcy\u00fck zaferi nedeniyle tebrik ederek, \u00fclkelerinin egemenli\u011fine ve anayasas\u0131na ba\u011fl\u0131l\u0131klar\u0131n\u0131, i\u00e7 i\u015flerine m\u00fcdahaleye y\u00f6nelik her t\u00fcrl\u00fc giri\u015fimden uzak, \u00f6zg\u00fcr ve ba\u011f\u0131ms\u0131z iradelerini ifade ettikleri \u00f6nemli se\u00e7im s\u00fcre\u00e7lerinden ba\u015far\u0131s\u0131ndan dolay\u0131 dost Venez\u00fcela halk\u0131n\u0131 kutlad\u0131. Cumhurba\u015fkan\u0131 Esad ayr\u0131ca, Ba\u015fkan Maduro&#8217;ya g\u00f6nderdi\u011fi telgrafta, d\u00fcnyan\u0131n tan\u0131k oldu\u011fu de\u011fi\u015fim &hellip;<\/p>\n","protected":false},"author":41,"featured_media":305779,"comment_status":"closed","ping_status":"closed","sticky":false,"template":"","format":"standard","meta":{"footnotes":""},"categories":[606,605,17988,613],"tags":[],"class_list":["post-305778","post","type-post","status-publish","format-standard","has-post-thumbnail","","category-cumhurbaskani","category-sayin-cumhurbaskani","category-son-haberler","category-telgraflar"],"_links":{"self":[{"href":"https:\/\/archive.sana.sy\/tr\/index.php?rest_route=\/wp\/v2\/posts\/305778","targetHints":{"allow":["GET"]}}],"collection":[{"href":"https:\/\/archive.sana.sy\/tr\/index.php?rest_route=\/wp\/v2\/posts"}],"about":[{"href":"https:\/\/archive.sana.sy\/tr\/index.php?rest_route=\/wp\/v2\/types\/post"}],"author":[{"embeddable":true,"href":"https:\/\/archive.sana.sy\/tr\/index.php?rest_route=\/wp\/v2\/users\/41"}],"replies":[{"embeddable":true,"href":"https:\/\/archive.sana.sy\/tr\/index.php?rest_route=%2Fwp%2Fv2%2Fcomments&post=305778"}],"version-history":[{"count":4,"href":"https:\/\/archive.sana.sy\/tr\/index.php?rest_route=\/wp\/v2\/posts\/305778\/revisions"}],"predecessor-version":[{"id":305790,"href":"https:\/\/archive.sana.sy\/tr\/index.php?rest_route=\/wp\/v2\/posts\/305778\/revisions\/305790"}],"wp:featuredmedia":[{"embeddable":true,"href":"https:\/\/archive.sana.sy\/tr\/index.php?rest_route=\/wp\/v2\/media\/305779"}],"wp:attachment":[{"href":"https:\/\/archive.sana.sy\/tr\/index.php?rest_route=%2Fwp%2Fv2%2Fmedia&parent=305778"}],"wp:term":[{"taxonomy":"category","embeddable":true,"href":"https:\/\/archive.sana.sy\/tr\/index.php?rest_route=%2Fwp%2Fv2%2Fcategories&post=305778"},{"taxonomy":"post_tag","embeddable":true,"href":"https:\/\/archive.sana.sy\/tr\/index.php?rest_route=%2Fwp%2Fv2%2Ftags&post=305778"}],"curies":[{"name":"wp","href":"https:\/\/api.w.org\/{rel}","templated":true}]}}