{"id":305930,"date":"2024-07-31T15:42:08","date_gmt":"2024-07-31T12:42:08","guid":{"rendered":"https:\/\/sana.sy\/tr\/?p=305930"},"modified":"2024-08-01T13:46:10","modified_gmt":"2024-08-01T10:46:10","slug":"bakan-muncid-cezayirin-sam-buyukelcisi-ile-ortak-isbirligi-alanlarini-ve-bunlari-gelistirmenin-yollarini-gorustu","status":"publish","type":"post","link":"https:\/\/archive.sana.sy\/tr\/?p=305930","title":{"rendered":"Bakan Muncid, Cezayir&#8217;in \u015eam B\u00fcy\u00fckel\u00e7isi \u0130le Ortak \u0130\u015fbirli\u011fi Alanlar\u0131n\u0131 Ve Bunlar\u0131 Geli\u015ftirmenin Yollar\u0131n\u0131 G\u00f6r\u00fc\u015ft\u00fc"},"content":{"rendered":"<p style=\"text-align: justify;\"><strong>\u015eAM (SANA)<\/strong> &#8211; Bug\u00fcn Sosyal \u0130\u015fler ve \u00c7al\u0131\u015fma Bakan\u0131 Luey Muncid, Cezayir&#8217;in \u015eam B\u00fcy\u00fckel\u00e7isi Kamal Abu Shama ile sosyal i\u015fler ve \u00e7al\u0131\u015fma alanlar\u0131nda ortak i\u015fbirli\u011fi alanlar\u0131 ve bunlar\u0131 geli\u015ftirmenin yollar\u0131n\u0131 g\u00f6r\u00fc\u015ft\u00fc.<\/p>\n<p style=\"text-align: justify;\">G\u00f6r\u00fc\u015fme s\u0131ras\u0131nda Bakan Muncid, iki karde\u015f \u00fclke aras\u0131ndaki ikili i\u015fbirli\u011finin \u00f6nemini vurgulad\u0131\u011f\u0131n\u0131 \u00a0ve bunun, aralar\u0131ndaki tarihi ili\u015fkilerin derinli\u011fini yans\u0131t\u0131\u011f\u0131n\u0131 belirterek, akanl\u0131\u011f\u0131n, bu alanda Cezayir&#8217;e teknik uzmanl\u0131\u011f\u0131n aktar\u0131lmas\u0131ndan yararlanman\u0131n yan\u0131 s\u0131ra, k\u00fc\u00e7\u00fck ve mikro i\u015fletmeler ve i\u015fletme kulu\u00e7ka merkezlerine ili\u015fkin Cezayir&#8217;in se\u00e7kin deneyiminden de yararlanma arzusuna i\u015faret etti.<\/p>\n<p style=\"text-align: justify;\">Cezayir b\u00fcy\u00fckel\u00e7isi ise \u00fclkesinin Suriye ile \u00e7al\u0131\u015fma alanlar\u0131 ve sosyal ili\u015fkilerle ilgili bir\u00e7ok alanda ortak i\u015f birli\u011fini g\u00fc\u00e7lendirme arzusuna dikkat \u00e7ekerek, ikili i\u015fbirli\u011fi i\u00e7in daha geni\u015f ufuklar bekledi\u011fini ifade etti.<\/p>\n<p style=\"text-align: center;\"><strong><a href=\"https:\/\/t.me\/SuriyeArapHaberAjansI\">Telegram Kanal\u0131m\u0131z\u00a0<\/a>||<a href=\"https:\/\/twitter.com\/arap_ajans\">X Platformumuz\u00a0<\/a>||<a href=\"https:\/\/www.facebook.com\/SANAHaberAjansi\/\">Facebook Sayfam\u0131z<\/a><\/strong><\/p>\n","protected":false},"excerpt":{"rendered":"<p>\u015eAM (SANA) &#8211; Bug\u00fcn Sosyal \u0130\u015fler ve \u00c7al\u0131\u015fma Bakan\u0131 Luey Muncid, Cezayir&#8217;in \u015eam B\u00fcy\u00fckel\u00e7isi Kamal Abu Shama ile sosyal i\u015fler ve \u00e7al\u0131\u015fma alanlar\u0131nda ortak i\u015fbirli\u011fi alanlar\u0131 ve bunlar\u0131 geli\u015ftirmenin yollar\u0131n\u0131 g\u00f6r\u00fc\u015ft\u00fc. G\u00f6r\u00fc\u015fme s\u0131ras\u0131nda Bakan Muncid, iki karde\u015f \u00fclke aras\u0131ndaki ikili i\u015fbirli\u011finin \u00f6nemini vurgulad\u0131\u011f\u0131n\u0131 \u00a0ve bunun, aralar\u0131ndaki tarihi ili\u015fkilerin derinli\u011fini yans\u0131t\u0131\u011f\u0131n\u0131 belirterek, akanl\u0131\u011f\u0131n, bu alanda Cezayir&#8217;e &hellip;<\/p>\n","protected":false},"author":41,"featured_media":305931,"comment_status":"closed","ping_status":"closed","sticky":false,"template":"","format":"standard","meta":{"footnotes":""},"categories":[479,17988,478],"tags":[],"class_list":["post-305930","post","type-post","status-publish","format-standard","has-post-thumbnail","","category-haberler-yerel","category-son-haberler","category-yerel"],"_links":{"self":[{"href":"https:\/\/archive.sana.sy\/tr\/index.php?rest_route=\/wp\/v2\/posts\/305930","targetHints":{"allow":["GET"]}}],"collection":[{"href":"https:\/\/archive.sana.sy\/tr\/index.php?rest_route=\/wp\/v2\/posts"}],"about":[{"href":"https:\/\/archive.sana.sy\/tr\/index.php?rest_route=\/wp\/v2\/types\/post"}],"author":[{"embeddable":true,"href":"https:\/\/archive.sana.sy\/tr\/index.php?rest_route=\/wp\/v2\/users\/41"}],"replies":[{"embeddable":true,"href":"https:\/\/archive.sana.sy\/tr\/index.php?rest_route=%2Fwp%2Fv2%2Fcomments&post=305930"}],"version-history":[{"count":2,"href":"https:\/\/archive.sana.sy\/tr\/index.php?rest_route=\/wp\/v2\/posts\/305930\/revisions"}],"predecessor-version":[{"id":305946,"href":"https:\/\/archive.sana.sy\/tr\/index.php?rest_route=\/wp\/v2\/posts\/305930\/revisions\/305946"}],"wp:featuredmedia":[{"embeddable":true,"href":"https:\/\/archive.sana.sy\/tr\/index.php?rest_route=\/wp\/v2\/media\/305931"}],"wp:attachment":[{"href":"https:\/\/archive.sana.sy\/tr\/index.php?rest_route=%2Fwp%2Fv2%2Fmedia&parent=305930"}],"wp:term":[{"taxonomy":"category","embeddable":true,"href":"https:\/\/archive.sana.sy\/tr\/index.php?rest_route=%2Fwp%2Fv2%2Fcategories&post=305930"},{"taxonomy":"post_tag","embeddable":true,"href":"https:\/\/archive.sana.sy\/tr\/index.php?rest_route=%2Fwp%2Fv2%2Ftags&post=305930"}],"curies":[{"name":"wp","href":"https:\/\/api.w.org\/{rel}","templated":true}]}}