{"id":305933,"date":"2024-07-31T13:47:53","date_gmt":"2024-07-31T10:47:53","guid":{"rendered":"https:\/\/sana.sy\/tr\/?p=305933"},"modified":"2024-08-01T13:46:05","modified_gmt":"2024-08-01T10:46:05","slug":"hamaney-terorist-siyonist-varlik-haniyeye-suikast-duzenleyerek-kendisine-en-agir-cezayi-getirdi","status":"publish","type":"post","link":"https:\/\/archive.sana.sy\/tr\/?p=305933","title":{"rendered":"Hamaney: Ter\u00f6rist Siyonist Varl\u0131k, Haniye&#8217;ye Suikast D\u00fczenleyerek Kendisine En A\u011f\u0131r Cezay\u0131 Getirdi"},"content":{"rendered":"<p style=\"text-align: justify;\"><strong>TAHRAN (SANA)<\/strong> &#8211; \u0130ran \u0130slam Devrimi Lideri Ali Hamaney, Siyonist yap\u0131n\u0131n Tahran&#8217;da Filistin direni\u015f hareketi Hamas&#8217;\u0131n siyasi b\u00fcro ba\u015fkan\u0131 \u0130smail Heniye&#8217;ye suikast su\u00e7u i\u015flemesi nedeniyle kendisine en a\u011f\u0131r cezay\u0131 getirdi\u011fini do\u011frulad\u0131.<\/p>\n<p style=\"text-align: justify;\">\u0130ran haber ajans\u0131 IRNA, Hamaney&#8217;in bug\u00fcn yapt\u0131\u011f\u0131 a\u00e7\u0131klamada \u015funlar\u0131 s\u00f6yledi\u011fini aktard\u0131: &#8220;Su\u00e7lu ve ter\u00f6rist Siyonist varl\u0131k, \u015fehit Haniye&#8217;nin kan\u0131n\u0131 d\u00f6kerek bu korkak eyleme kar\u015f\u0131 kendisine a\u011f\u0131r bir ceza haz\u0131rlam\u0131\u015ft\u0131r.&#8221;<\/p>\n<p style=\"text-align: justify;\">Hamaney, \u2018\u2019\u0130ran \u0130slam Cumhuriyeti topraklar\u0131nda meydana gelen bu ac\u0131 ve zorlu olayda onun kan\u0131n\u0131n intikam\u0131n\u0131 almay\u0131 g\u00f6revimiz olarak g\u00f6r\u00fcyoruz\u2019\u2019 ifadelerini kulland\u0131<\/p>\n<p style=\"text-align: justify;\">Hamaney ayr\u0131ca, \u0130slam milletine, direni\u015f cephesine, cesur ve gururlu Filistin halk\u0131na ve \u015fehit Haniye&#8217;nin ailesine ba\u015fsa\u011fl\u0131\u011f\u0131 diledi.<\/p>\n<p style=\"text-align: center;\"><strong><a href=\"https:\/\/t.me\/SuriyeArapHaberAjansI\">Telegram Kanal\u0131m\u0131z\u00a0<\/a>||<a href=\"https:\/\/twitter.com\/arap_ajans\">X Platformumuz\u00a0<\/a>||<a href=\"https:\/\/www.facebook.com\/SANAHaberAjansi\/\">Facebook Sayfam\u0131z<\/a><\/strong><\/p>\n","protected":false},"excerpt":{"rendered":"<p>TAHRAN (SANA) &#8211; \u0130ran \u0130slam Devrimi Lideri Ali Hamaney, Siyonist yap\u0131n\u0131n Tahran&#8217;da Filistin direni\u015f hareketi Hamas&#8217;\u0131n siyasi b\u00fcro ba\u015fkan\u0131 \u0130smail Heniye&#8217;ye suikast su\u00e7u i\u015flemesi nedeniyle kendisine en a\u011f\u0131r cezay\u0131 getirdi\u011fini do\u011frulad\u0131. \u0130ran haber ajans\u0131 IRNA, Hamaney&#8217;in bug\u00fcn yapt\u0131\u011f\u0131 a\u00e7\u0131klamada \u015funlar\u0131 s\u00f6yledi\u011fini aktard\u0131: &#8220;Su\u00e7lu ve ter\u00f6rist Siyonist varl\u0131k, \u015fehit Haniye&#8217;nin kan\u0131n\u0131 d\u00f6kerek bu korkak eyleme kar\u015f\u0131 &hellip;<\/p>\n","protected":false},"author":41,"featured_media":305934,"comment_status":"closed","ping_status":"closed","sticky":false,"template":"","format":"standard","meta":{"footnotes":""},"categories":[458,459,17988],"tags":[],"class_list":["post-305933","post","type-post","status-publish","format-standard","has-post-thumbnail","","category-dunya1","category-haberler-arap-uluslararasi-politika","category-son-haberler"],"_links":{"self":[{"href":"https:\/\/archive.sana.sy\/tr\/index.php?rest_route=\/wp\/v2\/posts\/305933","targetHints":{"allow":["GET"]}}],"collection":[{"href":"https:\/\/archive.sana.sy\/tr\/index.php?rest_route=\/wp\/v2\/posts"}],"about":[{"href":"https:\/\/archive.sana.sy\/tr\/index.php?rest_route=\/wp\/v2\/types\/post"}],"author":[{"embeddable":true,"href":"https:\/\/archive.sana.sy\/tr\/index.php?rest_route=\/wp\/v2\/users\/41"}],"replies":[{"embeddable":true,"href":"https:\/\/archive.sana.sy\/tr\/index.php?rest_route=%2Fwp%2Fv2%2Fcomments&post=305933"}],"version-history":[{"count":1,"href":"https:\/\/archive.sana.sy\/tr\/index.php?rest_route=\/wp\/v2\/posts\/305933\/revisions"}],"predecessor-version":[{"id":305935,"href":"https:\/\/archive.sana.sy\/tr\/index.php?rest_route=\/wp\/v2\/posts\/305933\/revisions\/305935"}],"wp:featuredmedia":[{"embeddable":true,"href":"https:\/\/archive.sana.sy\/tr\/index.php?rest_route=\/wp\/v2\/media\/305934"}],"wp:attachment":[{"href":"https:\/\/archive.sana.sy\/tr\/index.php?rest_route=%2Fwp%2Fv2%2Fmedia&parent=305933"}],"wp:term":[{"taxonomy":"category","embeddable":true,"href":"https:\/\/archive.sana.sy\/tr\/index.php?rest_route=%2Fwp%2Fv2%2Fcategories&post=305933"},{"taxonomy":"post_tag","embeddable":true,"href":"https:\/\/archive.sana.sy\/tr\/index.php?rest_route=%2Fwp%2Fv2%2Ftags&post=305933"}],"curies":[{"name":"wp","href":"https:\/\/api.w.org\/{rel}","templated":true}]}}