{"id":305942,"date":"2024-07-31T17:30:13","date_gmt":"2024-07-31T14:30:13","guid":{"rendered":"https:\/\/sana.sy\/tr\/?p=305942"},"modified":"2024-08-01T13:46:13","modified_gmt":"2024-08-01T10:46:13","slug":"bakan-musavveh-samdaki-rus-kultur-merkezinin-muduruyle-iki-ulke-arasindaki-kulturel-isbirliginin-yollarini-gorustu","status":"publish","type":"post","link":"https:\/\/archive.sana.sy\/tr\/?p=305942","title":{"rendered":"Bakan M\u00fc\u015favveh, \u015eam&#8217;daki Rus K\u00fclt\u00fcr Merkezi&#8217;nin M\u00fcd\u00fcr\u00fcyle \u0130ki \u00fclke Aras\u0131ndaki K\u00fclt\u00fcrel \u0130\u015fbirli\u011finin Yollar\u0131n\u0131 G\u00f6r\u00fc\u015ft\u00fc"},"content":{"rendered":"<p style=\"text-align: justify;\"><strong>\u015eAM (SANA)<\/strong> &#8211; Bug\u00fcn K\u00fclt\u00fcr Bakan\u0131 Lubana M\u00fc\u015favveh, \u015eam&#8217;daki Rus K\u00fclt\u00fcr Merkezi M\u00fcd\u00fcr\u00fc Nikolai Sukhov ve beraberindeki heyetle Suriye ile Rusya aras\u0131ndaki k\u00fclt\u00fcrel i\u015fbirli\u011fi mekanizmas\u0131n\u0131 g\u00f6r\u00fc\u015ft\u00fc.<\/p>\n<p style=\"text-align: justify;\">\u0130ki taraf aras\u0131ndaki g\u00f6r\u00fc\u015fme s\u0131ras\u0131nda, eski eserler ara\u015ft\u0131rmac\u0131s\u0131 Katerina Baginskaia, \u00e7ocuklara \u015eam&#8217;daki Ulusal M\u00fcze&#8217;nin baz\u0131 i\u00e7eri\u011fini tan\u0131tmak i\u00e7in etkile\u015fimli bir e\u011fitim projesine ek olarak, Suriye&#8217;nin eski eserlerini tan\u0131tan bir film ve filmle ilgili bas\u0131l\u0131 bir bro\u015f\u00fcr sundu.<\/p>\n<p style=\"text-align: center;\"><strong><a href=\"https:\/\/t.me\/SuriyeArapHaberAjansI\">Telegram Kanal\u0131m\u0131z\u00a0<\/a>||<a href=\"https:\/\/twitter.com\/arap_ajans\">X Platformumuz\u00a0<\/a>||<a href=\"https:\/\/www.facebook.com\/SANAHaberAjansi\/\">Facebook Sayfam\u0131z<\/a><\/strong><\/p>\n","protected":false},"excerpt":{"rendered":"<p>\u015eAM (SANA) &#8211; Bug\u00fcn K\u00fclt\u00fcr Bakan\u0131 Lubana M\u00fc\u015favveh, \u015eam&#8217;daki Rus K\u00fclt\u00fcr Merkezi M\u00fcd\u00fcr\u00fc Nikolai Sukhov ve beraberindeki heyetle Suriye ile Rusya aras\u0131ndaki k\u00fclt\u00fcrel i\u015fbirli\u011fi mekanizmas\u0131n\u0131 g\u00f6r\u00fc\u015ft\u00fc. \u0130ki taraf aras\u0131ndaki g\u00f6r\u00fc\u015fme s\u0131ras\u0131nda, eski eserler ara\u015ft\u0131rmac\u0131s\u0131 Katerina Baginskaia, \u00e7ocuklara \u015eam&#8217;daki Ulusal M\u00fcze&#8217;nin baz\u0131 i\u00e7eri\u011fini tan\u0131tmak i\u00e7in etkile\u015fimli bir e\u011fitim projesine ek olarak, Suriye&#8217;nin eski eserlerini tan\u0131tan bir &hellip;<\/p>\n","protected":false},"author":41,"featured_media":305943,"comment_status":"closed","ping_status":"closed","sticky":false,"template":"","format":"standard","meta":{"footnotes":""},"categories":[516,511,17988],"tags":[],"class_list":["post-305942","post","type-post","status-publish","format-standard","has-post-thumbnail","","category-haberler-kultur-ve-sanat","category-kultur-ve-sanat","category-son-haberler"],"_links":{"self":[{"href":"https:\/\/archive.sana.sy\/tr\/index.php?rest_route=\/wp\/v2\/posts\/305942","targetHints":{"allow":["GET"]}}],"collection":[{"href":"https:\/\/archive.sana.sy\/tr\/index.php?rest_route=\/wp\/v2\/posts"}],"about":[{"href":"https:\/\/archive.sana.sy\/tr\/index.php?rest_route=\/wp\/v2\/types\/post"}],"author":[{"embeddable":true,"href":"https:\/\/archive.sana.sy\/tr\/index.php?rest_route=\/wp\/v2\/users\/41"}],"replies":[{"embeddable":true,"href":"https:\/\/archive.sana.sy\/tr\/index.php?rest_route=%2Fwp%2Fv2%2Fcomments&post=305942"}],"version-history":[{"count":1,"href":"https:\/\/archive.sana.sy\/tr\/index.php?rest_route=\/wp\/v2\/posts\/305942\/revisions"}],"predecessor-version":[{"id":305944,"href":"https:\/\/archive.sana.sy\/tr\/index.php?rest_route=\/wp\/v2\/posts\/305942\/revisions\/305944"}],"wp:featuredmedia":[{"embeddable":true,"href":"https:\/\/archive.sana.sy\/tr\/index.php?rest_route=\/wp\/v2\/media\/305943"}],"wp:attachment":[{"href":"https:\/\/archive.sana.sy\/tr\/index.php?rest_route=%2Fwp%2Fv2%2Fmedia&parent=305942"}],"wp:term":[{"taxonomy":"category","embeddable":true,"href":"https:\/\/archive.sana.sy\/tr\/index.php?rest_route=%2Fwp%2Fv2%2Fcategories&post=305942"},{"taxonomy":"post_tag","embeddable":true,"href":"https:\/\/archive.sana.sy\/tr\/index.php?rest_route=%2Fwp%2Fv2%2Ftags&post=305942"}],"curies":[{"name":"wp","href":"https:\/\/api.w.org\/{rel}","templated":true}]}}