{"id":305962,"date":"2024-08-01T11:23:09","date_gmt":"2024-08-01T08:23:09","guid":{"rendered":"https:\/\/sana.sy\/tr\/?p=305962"},"modified":"2024-08-05T11:33:23","modified_gmt":"2024-08-05T08:33:23","slug":"cumhurbaskani-esad-ordu-gununde-silahli-kuvvetlerimize-hitaben-yaptigi-konusmada-suriye-sizlerin-ve-tum-samimi-ve-sadik-halkin-sayesinde-sagligina-ve-refahina-kavusuyor","status":"publish","type":"post","link":"https:\/\/archive.sana.sy\/tr\/?p=305962","title":{"rendered":"Cumhurba\u015fkan\u0131 Esad, Ordu G\u00fcn\u00fc&#8217;nde Silahl\u0131 Kuvvetlerimize Hitaben Yapt\u0131\u011f\u0131 Konu\u015fmada: Suriye, Sizlerin Ve T\u00fcm Samimi Ve Sad\u0131k Halk\u0131n Sayesinde Sa\u011fl\u0131\u011f\u0131na Ve Refah\u0131na Kavu\u015fuyor"},"content":{"rendered":"<p style=\"text-align: justify;\"><strong>\u015eAM (SANA)<\/strong> &#8211; Ordu ve Silahl\u0131 Kuvvetler Ba\u015fkomutan\u0131 Cumhurba\u015fkan\u0131 Korgeneral Be\u015f\u015far Esad, Suriye Arap Ordusu&#8217;nun kurulu\u015funun yetmi\u015f dokuzuncu y\u0131ld\u00f6n\u00fcm\u00fc m\u00fcnasebetiyle yi\u011fit silahl\u0131 kuvvetlerimizin adamlar\u0131na bir konu\u015fma yapt\u0131.<\/p>\n<p style=\"text-align: justify;\"><strong>Konu\u015fman\u0131n tam metni a\u015fa\u011f\u0131dad\u0131r: <\/strong><\/p>\n<p style=\"text-align: justify;\">&#8221;Ey yi\u011fit ordumuzun kahramanlar\u0131!<\/p>\n<p style=\"text-align: justify;\">T\u00fcm nesiller i\u00e7in bir yol g\u00f6sterici ve y\u00fcce bir de\u011fer olarak, vicdanlar\u0131m\u0131zda yer edip g\u00f6zlerimizin \u00f6n\u00fcnde kalacak kadim \u015fanlara, k\u00f6kl\u00fc kahramanl\u0131klara ve \u015ferefli mevkilere sahip Suriye Arap Ordumuzun yetmi\u015f dokuzuncu y\u0131l d\u00f6n\u00fcm\u00fc vesilesiyle sizleri sevgi, gurur ve gurur dolu bir selamla kar\u015f\u0131l\u0131yorum.<\/p>\n<p style=\"text-align: justify;\">Subay, astsubay ve birey olarak, e\u011fitim sahalar\u0131nda, \u00a0\u00fcretim sekt\u00f6rlerinde, i\u015finizin t\u00fcm farkl\u0131 y\u00f6nlerinde bilgi ve bili\u015fsel ba\u015far\u0131 koltuklar\u0131nda ve cephelerde, \u00a0her biri kendi mevkisinde &#8211; ey yi\u011fit adamlar &#8211; \u00a0gayretli, dikkatli ve s\u0131k\u0131 \u00e7al\u0131\u015fmaya devam etti\u011finiz i\u00e7in sizleri selaml\u0131yorum.<\/p>\n<p style=\"text-align: justify;\">Ey cesur adamlar!<\/p>\n<p style=\"text-align: justify;\">Aziz vatan\u0131m\u0131z, ad\u0131 in\u015fa etmek ve vermek olan yeni bir a\u015famaya tan\u0131kl\u0131k ediyor, zafer ve kurtulu\u015f yolunda g\u00fcvenle ilerlemektedir.<\/p>\n<p style=\"text-align: justify;\">Zaferimizin temellerini sa\u011flamla\u015ft\u0131rmak, istikrar\u0131m\u0131z\u0131n temellerini kuvvetlendirmek ve k\u0131ymetli Suriye&#8217;nin her santimetrekaresini g\u00fcvenli\u011fin yeniden tesis edilmesi i\u00e7in t\u00fcm g\u00fcc\u00fcm\u00fcz ve kararl\u0131l\u0131\u011f\u0131m\u0131zla hep birlikte \u00e7al\u0131\u015fal\u0131m.<\/p>\n<p style=\"text-align: justify;\">Milletin ve bizden \u00e7ok hak eden vatanda\u015f\u0131n hizmetinde kalk\u0131nmaya, ilerlemeye, in\u015faya katk\u0131 sunal\u0131m.<\/p>\n<p style=\"text-align: justify;\">Ey o\u011fullar ve karde\u015fler!<\/p>\n<p style=\"text-align: justify;\">Suriye, merkezi rol\u00fc ve prestijli konumuyla her alanda g\u00fc\u00e7 ve istikrarla kar\u015f\u0131m\u0131za \u00e7\u0131k\u0131yor.<\/p>\n<p style=\"text-align: justify;\">\u0130nsan uygarl\u0131\u011f\u0131 ve kadim tarihiyle&#8230; Arapl\u0131\u011f\u0131 ve t\u00fcm sad\u0131k karde\u015flerine ve dostlar\u0131na yay\u0131lan sevgisiyle.. Bug\u00fcn Suriye, t\u00fcm samimi ve vefal\u0131 insanlar\u0131n sayesinde sa\u011fl\u0131\u011f\u0131na ve ihti\u015fam\u0131na kavu\u015fuyor&#8230;Zorluklara ve bask\u0131lara ra\u011fmen bir an bile pes etmeyen gururlu ve metanetli halk\u0131m\u0131z\u0131n evlatlar\u0131na te\u015fekk\u00fcr ederiz.<\/p>\n<p style=\"text-align: justify;\">Ordumuzun yi\u011fitlerine, vatan\u0131n ve namusunun koruyucular\u0131na, milletin \u015feref ve haysiyetinin savunucular\u0131na \u015f\u00fck\u00fcrler olsun.<\/p>\n<p style=\"text-align: justify;\">Vatan sevgimiz i\u015fimizin rehberi, ba\u015far\u0131 ve ilerlemenin en g\u00fc\u00e7l\u00fc motivasyonu olsun, bayra\u011f\u0131m\u0131z\u0131 gurur ve haysiyet forumlar\u0131nda dalgaland\u0131ral\u0131m.<\/p>\n<p style=\"text-align: justify;\">Aziz \u015fehitlerimizin ruhlar\u0131na sayg\u0131 ve h\u00fcrmet, kahraman yaral\u0131lar\u0131m\u0131za \u015fifalar, musibetler kar\u015f\u0131s\u0131nda sab\u0131r dersi veren, vatan aidiyeti hakikatini tesis eden t\u00fcm \u015ferefli ailelerine sevgi ve takdirler. .<\/p>\n<p style=\"text-align: justify;\">Size ve vatana Ordu G\u00fcn\u00fc Kutlu Olsun.&#8221;<\/p>\n<p style=\"text-align: center;\"><strong><a href=\"https:\/\/t.me\/SuriyeArapHaberAjansI\">Telegram Kanal\u0131m\u0131z\u00a0<\/a>||<a href=\"https:\/\/twitter.com\/arap_ajans\">X Platformumuz\u00a0<\/a>||<a href=\"https:\/\/www.facebook.com\/SANAHaberAjansi\/\">Facebook Sayfam\u0131z<\/a><\/strong><\/p>\n<p>&nbsp;<\/p>\n","protected":false},"excerpt":{"rendered":"<p>\u015eAM (SANA) &#8211; Ordu ve Silahl\u0131 Kuvvetler Ba\u015fkomutan\u0131 Cumhurba\u015fkan\u0131 Korgeneral Be\u015f\u015far Esad, Suriye Arap Ordusu&#8217;nun kurulu\u015funun yetmi\u015f dokuzuncu y\u0131ld\u00f6n\u00fcm\u00fc m\u00fcnasebetiyle yi\u011fit silahl\u0131 kuvvetlerimizin adamlar\u0131na bir konu\u015fma yapt\u0131. Konu\u015fman\u0131n tam metni a\u015fa\u011f\u0131dad\u0131r: &#8221;Ey yi\u011fit ordumuzun kahramanlar\u0131! T\u00fcm nesiller i\u00e7in bir yol g\u00f6sterici ve y\u00fcce bir de\u011fer olarak, vicdanlar\u0131m\u0131zda yer edip g\u00f6zlerimizin \u00f6n\u00fcnde kalacak kadim \u015fanlara, k\u00f6kl\u00fc &hellip;<\/p>\n","protected":false},"author":39,"featured_media":305963,"comment_status":"closed","ping_status":"closed","sticky":false,"template":"","format":"standard","meta":{"footnotes":""},"categories":[606,479,605,17988,613,478],"tags":[],"class_list":["post-305962","post","type-post","status-publish","format-standard","has-post-thumbnail","","category-cumhurbaskani","category-haberler-yerel","category-sayin-cumhurbaskani","category-son-haberler","category-telgraflar","category-yerel"],"_links":{"self":[{"href":"https:\/\/archive.sana.sy\/tr\/index.php?rest_route=\/wp\/v2\/posts\/305962","targetHints":{"allow":["GET"]}}],"collection":[{"href":"https:\/\/archive.sana.sy\/tr\/index.php?rest_route=\/wp\/v2\/posts"}],"about":[{"href":"https:\/\/archive.sana.sy\/tr\/index.php?rest_route=\/wp\/v2\/types\/post"}],"author":[{"embeddable":true,"href":"https:\/\/archive.sana.sy\/tr\/index.php?rest_route=\/wp\/v2\/users\/39"}],"replies":[{"embeddable":true,"href":"https:\/\/archive.sana.sy\/tr\/index.php?rest_route=%2Fwp%2Fv2%2Fcomments&post=305962"}],"version-history":[{"count":1,"href":"https:\/\/archive.sana.sy\/tr\/index.php?rest_route=\/wp\/v2\/posts\/305962\/revisions"}],"predecessor-version":[{"id":305964,"href":"https:\/\/archive.sana.sy\/tr\/index.php?rest_route=\/wp\/v2\/posts\/305962\/revisions\/305964"}],"wp:featuredmedia":[{"embeddable":true,"href":"https:\/\/archive.sana.sy\/tr\/index.php?rest_route=\/wp\/v2\/media\/305963"}],"wp:attachment":[{"href":"https:\/\/archive.sana.sy\/tr\/index.php?rest_route=%2Fwp%2Fv2%2Fmedia&parent=305962"}],"wp:term":[{"taxonomy":"category","embeddable":true,"href":"https:\/\/archive.sana.sy\/tr\/index.php?rest_route=%2Fwp%2Fv2%2Fcategories&post=305962"},{"taxonomy":"post_tag","embeddable":true,"href":"https:\/\/archive.sana.sy\/tr\/index.php?rest_route=%2Fwp%2Fv2%2Ftags&post=305962"}],"curies":[{"name":"wp","href":"https:\/\/api.w.org\/{rel}","templated":true}]}}