{"id":305965,"date":"2024-08-01T11:57:18","date_gmt":"2024-08-01T08:57:18","guid":{"rendered":"https:\/\/sana.sy\/tr\/?p=305965"},"modified":"2024-08-05T11:33:32","modified_gmt":"2024-08-05T08:33:32","slug":"cumhurbaskani-esad-bayrak-hizmeti-kanununun-26nci-maddesinde-degisiklik-yapan-k-h-kararname-yayinladi","status":"publish","type":"post","link":"https:\/\/archive.sana.sy\/tr\/?p=305965","title":{"rendered":"Cumhurba\u015fkan\u0131 Esad, Bayrak Hizmeti Kanunu&#8217;nun (26)&#8217;nc\u0131 Maddesinde De\u011fi\u015fiklik Yapan K.H. Kararname Yay\u0131nlad\u0131"},"content":{"rendered":"<p style=\"text-align: justify;\"><strong>\u015eAM (SANA)<\/strong> &#8211; Cumhurba\u015fkan\u0131 Be\u015f\u015far Esad, Bayrak Hizmeti Yasas\u0131&#8217;n\u0131n bir maddesini de\u011fi\u015ftiren 2024 tarih ve (20) say\u0131l\u0131 Kanun H\u00fckm\u00fcnde Kararname&#8217;yi yay\u0131nlad\u0131.<\/p>\n<p style=\"text-align: justify;\">Yeni kararname, MS 2007 tarihli ve (30) say\u0131l\u0131 Kanun H\u00fckm\u00fcnde Kararname ile \u00e7\u0131kar\u0131lan Askerlik Kanununun (26) maddesinin (F) bendinde belirtilen hizmet ya\u015f\u0131n\u0131 k\u0131rk yerine otuz sekiz olarak de\u011fi\u015ftiriyor.<\/p>\n<p style=\"text-align: justify;\">Kararname ayr\u0131ca, yedek hizmette g\u00f6revlendirilenlerin, yedek hizmette yasal y\u00fck\u00fcml\u00fcl\u00fc\u011fe alternatif olarak nakit \u00f6denek \u00f6demek istemelerine de olanak tan\u0131yor. Bu da, ancak t\u0131bbi muayene sonucu iki durumdan birine (minimum sakatl\u0131k &#8211; hizmeti yerine getirebilecek k\u0131smi sakatl\u0131k) dahil oldu\u011funu g\u00f6sterirse ge\u00e7erlidir.<\/p>\n<p style=\"text-align: justify;\">Kararname, yeni g\u00f6n\u00fcll\u00fc (sava\u015f\u00e7\u0131) s\u00f6zle\u015fmesine g\u00f6re on y\u0131l boyunca g\u00f6n\u00fcll\u00fc hizmet veren bir askerin yedek hizmetten muaf tutulmas\u0131na da izin veriyor.<\/p>\n<p style=\"text-align: center;\"><strong><a href=\"https:\/\/t.me\/SuriyeArapHaberAjansI\">Telegram Kanal\u0131m\u0131z\u00a0<\/a>||<a href=\"https:\/\/twitter.com\/arap_ajans\">X Platformumuz\u00a0<\/a>||<a href=\"https:\/\/www.facebook.com\/SANAHaberAjansi\/\">Facebook Sayfam\u0131z<\/a><\/strong><\/p>\n","protected":false},"excerpt":{"rendered":"<p>\u015eAM (SANA) &#8211; Cumhurba\u015fkan\u0131 Be\u015f\u015far Esad, Bayrak Hizmeti Yasas\u0131&#8217;n\u0131n bir maddesini de\u011fi\u015ftiren 2024 tarih ve (20) say\u0131l\u0131 Kanun H\u00fckm\u00fcnde Kararname&#8217;yi yay\u0131nlad\u0131. Yeni kararname, MS 2007 tarihli ve (30) say\u0131l\u0131 Kanun H\u00fckm\u00fcnde Kararname ile \u00e7\u0131kar\u0131lan Askerlik Kanununun (26) maddesinin (F) bendinde belirtilen hizmet ya\u015f\u0131n\u0131 k\u0131rk yerine otuz sekiz olarak de\u011fi\u015ftiriyor. Kararname ayr\u0131ca, yedek hizmette g\u00f6revlendirilenlerin, yedek &hellip;<\/p>\n","protected":false},"author":41,"featured_media":305966,"comment_status":"closed","ping_status":"closed","sticky":false,"template":"","format":"standard","meta":{"footnotes":""},"categories":[606,479,605,612,478],"tags":[],"class_list":["post-305965","post","type-post","status-publish","format-standard","has-post-thumbnail","","category-cumhurbaskani","category-haberler-yerel","category-sayin-cumhurbaskani","category-yasama-kararnameler","category-yerel"],"_links":{"self":[{"href":"https:\/\/archive.sana.sy\/tr\/index.php?rest_route=\/wp\/v2\/posts\/305965","targetHints":{"allow":["GET"]}}],"collection":[{"href":"https:\/\/archive.sana.sy\/tr\/index.php?rest_route=\/wp\/v2\/posts"}],"about":[{"href":"https:\/\/archive.sana.sy\/tr\/index.php?rest_route=\/wp\/v2\/types\/post"}],"author":[{"embeddable":true,"href":"https:\/\/archive.sana.sy\/tr\/index.php?rest_route=\/wp\/v2\/users\/41"}],"replies":[{"embeddable":true,"href":"https:\/\/archive.sana.sy\/tr\/index.php?rest_route=%2Fwp%2Fv2%2Fcomments&post=305965"}],"version-history":[{"count":1,"href":"https:\/\/archive.sana.sy\/tr\/index.php?rest_route=\/wp\/v2\/posts\/305965\/revisions"}],"predecessor-version":[{"id":305967,"href":"https:\/\/archive.sana.sy\/tr\/index.php?rest_route=\/wp\/v2\/posts\/305965\/revisions\/305967"}],"wp:featuredmedia":[{"embeddable":true,"href":"https:\/\/archive.sana.sy\/tr\/index.php?rest_route=\/wp\/v2\/media\/305966"}],"wp:attachment":[{"href":"https:\/\/archive.sana.sy\/tr\/index.php?rest_route=%2Fwp%2Fv2%2Fmedia&parent=305965"}],"wp:term":[{"taxonomy":"category","embeddable":true,"href":"https:\/\/archive.sana.sy\/tr\/index.php?rest_route=%2Fwp%2Fv2%2Fcategories&post=305965"},{"taxonomy":"post_tag","embeddable":true,"href":"https:\/\/archive.sana.sy\/tr\/index.php?rest_route=%2Fwp%2Fv2%2Ftags&post=305965"}],"curies":[{"name":"wp","href":"https:\/\/api.w.org\/{rel}","templated":true}]}}