{"id":306010,"date":"2024-08-02T13:20:54","date_gmt":"2024-08-02T10:20:54","guid":{"rendered":"https:\/\/sana.sy\/tr\/?p=306010"},"modified":"2024-08-05T11:34:34","modified_gmt":"2024-08-05T08:34:34","slug":"el-birede-isgal-kursunlari-sonucu-3-filistinli-yaralandi","status":"publish","type":"post","link":"https:\/\/archive.sana.sy\/tr\/?p=306010","title":{"rendered":"El Bire&#8217;de \u0130\u015fgal Kur\u015funlar\u0131 Sonucu 3 Filistinli Yaraland\u0131"},"content":{"rendered":"<p style=\"text-align: justify;\"><strong>\u0130\u015eGAL ED\u0130LEN KUD\u00dcS (SANA)<\/strong> &#8211; Bat\u0131 \u015eeria&#8217;n\u0131n El Bireh kentinde bu sabah \u0130srail i\u015fgal g\u00fc\u00e7lerinin a\u00e7t\u0131\u011f\u0131 ate\u015f sonucu 3 Filistinli yaraland\u0131.<\/p>\n<p style=\"text-align: justify;\">Filistin Wafa Ajans\u0131, i\u015fgal g\u00fc\u00e7lerinin Satha Marhaba ve Umm El \u015eerayit mahallelerine bask\u0131n d\u00fczenleyerek Filistinlilere kur\u015fun ve zehirli gaz bombalar\u0131yla sald\u0131rarak 3 ki\u015fiyi yaralad\u0131\u011f\u0131n\u0131 bildirdi.<\/p>\n<p style=\"text-align: justify;\">D\u00fcn Bat\u0131 \u015eeria&#8217;n\u0131n El Halil ve Kalkilya \u015fehirlerinde i\u015fgal g\u00fc\u00e7lerinin a\u00e7t\u0131\u011f\u0131 ate\u015f sonucu iki Filistinli yaralanm\u0131\u015ft\u0131.<\/p>\n<p style=\"text-align: center;\"><strong><a href=\"https:\/\/t.me\/SuriyeArapHaberAjansI\">Telegram Kanal\u0131m\u0131z\u00a0<\/a>||<a href=\"https:\/\/twitter.com\/arap_ajans\">X Platformumuz\u00a0<\/a>||<a href=\"https:\/\/www.facebook.com\/SANAHaberAjansi\/\">Facebook Sayfam\u0131z<\/a><\/strong><\/p>\n","protected":false},"excerpt":{"rendered":"<p>\u0130\u015eGAL ED\u0130LEN KUD\u00dcS (SANA) &#8211; Bat\u0131 \u015eeria&#8217;n\u0131n El Bireh kentinde bu sabah \u0130srail i\u015fgal g\u00fc\u00e7lerinin a\u00e7t\u0131\u011f\u0131 ate\u015f sonucu 3 Filistinli yaraland\u0131. Filistin Wafa Ajans\u0131, i\u015fgal g\u00fc\u00e7lerinin Satha Marhaba ve Umm El \u015eerayit mahallelerine bask\u0131n d\u00fczenleyerek Filistinlilere kur\u015fun ve zehirli gaz bombalar\u0131yla sald\u0131rarak 3 ki\u015fiyi yaralad\u0131\u011f\u0131n\u0131 bildirdi. D\u00fcn Bat\u0131 \u015eeria&#8217;n\u0131n El Halil ve Kalkilya \u015fehirlerinde i\u015fgal &hellip;<\/p>\n","protected":false},"author":41,"featured_media":306015,"comment_status":"closed","ping_status":"closed","sticky":false,"template":"","format":"standard","meta":{"footnotes":""},"categories":[458,459,17988],"tags":[42050,42051],"class_list":["post-306010","post","type-post","status-publish","format-standard","has-post-thumbnail","","category-dunya1","category-haberler-arap-uluslararasi-politika","category-son-haberler","tag-el-birede-isgal-kursunlari-sonucu-3-filistinli-yaralandi","tag-isgal-kursunlari-sonucu"],"_links":{"self":[{"href":"https:\/\/archive.sana.sy\/tr\/index.php?rest_route=\/wp\/v2\/posts\/306010","targetHints":{"allow":["GET"]}}],"collection":[{"href":"https:\/\/archive.sana.sy\/tr\/index.php?rest_route=\/wp\/v2\/posts"}],"about":[{"href":"https:\/\/archive.sana.sy\/tr\/index.php?rest_route=\/wp\/v2\/types\/post"}],"author":[{"embeddable":true,"href":"https:\/\/archive.sana.sy\/tr\/index.php?rest_route=\/wp\/v2\/users\/41"}],"replies":[{"embeddable":true,"href":"https:\/\/archive.sana.sy\/tr\/index.php?rest_route=%2Fwp%2Fv2%2Fcomments&post=306010"}],"version-history":[{"count":2,"href":"https:\/\/archive.sana.sy\/tr\/index.php?rest_route=\/wp\/v2\/posts\/306010\/revisions"}],"predecessor-version":[{"id":306017,"href":"https:\/\/archive.sana.sy\/tr\/index.php?rest_route=\/wp\/v2\/posts\/306010\/revisions\/306017"}],"wp:featuredmedia":[{"embeddable":true,"href":"https:\/\/archive.sana.sy\/tr\/index.php?rest_route=\/wp\/v2\/media\/306015"}],"wp:attachment":[{"href":"https:\/\/archive.sana.sy\/tr\/index.php?rest_route=%2Fwp%2Fv2%2Fmedia&parent=306010"}],"wp:term":[{"taxonomy":"category","embeddable":true,"href":"https:\/\/archive.sana.sy\/tr\/index.php?rest_route=%2Fwp%2Fv2%2Fcategories&post=306010"},{"taxonomy":"post_tag","embeddable":true,"href":"https:\/\/archive.sana.sy\/tr\/index.php?rest_route=%2Fwp%2Fv2%2Ftags&post=306010"}],"curies":[{"name":"wp","href":"https:\/\/api.w.org\/{rel}","templated":true}]}}