{"id":306012,"date":"2024-08-02T14:30:07","date_gmt":"2024-08-02T11:30:07","guid":{"rendered":"https:\/\/sana.sy\/tr\/?p=306012"},"modified":"2024-08-05T11:34:38","modified_gmt":"2024-08-05T08:34:38","slug":"saldirganligin-301inci-gununde-gazze-seridinde-araliksiz-devam-eden-isgal-bombardimaninda-onlarca-sehit-ve-yarali","status":"publish","type":"post","link":"https:\/\/archive.sana.sy\/tr\/?p=306012","title":{"rendered":"Sald\u0131rganl\u0131\u011f\u0131n 301&#8217;inci G\u00fcn\u00fcnde&#8230; Gazze \u015eeridi&#8217;nde Aral\u0131ks\u0131z Devam Eden \u0130\u015fgal Bombard\u0131man\u0131nda Onlarca \u015eehit Ve Yaral\u0131"},"content":{"rendered":"<p style=\"text-align: justify;\"><strong>\u0130\u015eGAL ED\u0130LEN KUD\u00dcS (SANA)<\/strong> \u2013 \u0130\u015fgalci \u0130srail&#8217;in 301&#8217;inci g\u00fcn boyunca Gazze \u015eeridi&#8217;ne y\u00f6nelik aral\u0131ks\u0131z top\u00e7u ve f\u00fcze bombard\u0131man\u0131 sonucu bu sabah onlarca Filistinli \u015fehit oldu ve yaraland\u0131.<\/p>\n<p style=\"text-align: justify;\">Wafa Ajans\u0131, &#8221;Gazze&#8217;nin g\u00fcneydo\u011fusundaki El Zaytun mahallesindeki bir eve i\u015fgalci bombas\u0131 ile \u015fehrin g\u00fcneyindeki El Sabra mahallesindeki \u015fiddetli bombalama sonucu bir \u00e7ocuk \u015fehit d\u00fc\u015ft\u00fc, d\u00f6rt ki\u015fi de yaraland\u0131. Ambulans ve kurtarma ekipleri ayr\u0131ca kent merkezindeki El Celaa Caddesi \u00fczerinde i\u015fgal u\u00e7aklar\u0131n\u0131n bombalad\u0131\u011f\u0131 bir apartman dairesinden 4 \u015fehit ve 12 yaral\u0131n\u0131n cenazesine ula\u015ft\u0131&#8221; dedi.<\/p>\n<p style=\"text-align: justify;\">Gazze \u015eeridi&#8217;nin g\u00fcneyindeki Han Yunus&#8217;ta Bat\u0131 Satar b\u00f6lgesinde bir eve d\u00fczenlenen i\u015fgal bombard\u0131man\u0131 sonucu bir kad\u0131n \u015fehit oldu, \u00e7ok say\u0131da ki\u015fi de yaraland\u0131. Bu arada i\u015fgalcilerin kent merkezindeki Ebu Hamid kav\u015fa\u011f\u0131n\u0131 bombalamas\u0131 sonucu \u00e7ok say\u0131da Filistinli hayat\u0131n\u0131 kaybetti ve yaraland\u0131.<\/p>\n<p style=\"text-align: justify;\">\u0130\u015fgal top\u00e7ular\u0131n\u0131n \u015fehrin do\u011fusundaki Ma&#8217;an ve Abasan El Kabira b\u00f6lgelerini bombalamas\u0131 sonucu 7 ki\u015fi de yaraland\u0131.<\/p>\n<p style=\"text-align: justify;\">Gazze \u015eeridi&#8217;nin merkezinde, El-Megazi kamp\u0131n\u0131n do\u011fusundaki i\u015fgal bombard\u0131man\u0131 sonucu 2 Filistinli \u015fehit oldu, \u00e7ok say\u0131da Filistinli de yaraland\u0131.<\/p>\n<p style=\"text-align: center;\"><strong><a href=\"https:\/\/t.me\/SuriyeArapHaberAjansI\">Telegram Kanal\u0131m\u0131z\u00a0<\/a>||<a href=\"https:\/\/twitter.com\/arap_ajans\">X Platformumuz\u00a0<\/a>||<a href=\"https:\/\/www.facebook.com\/SANAHaberAjansi\/\">Facebook Sayfam\u0131z<\/a><\/strong><\/p>\n","protected":false},"excerpt":{"rendered":"<p>\u0130\u015eGAL ED\u0130LEN KUD\u00dcS (SANA) \u2013 \u0130\u015fgalci \u0130srail&#8217;in 301&#8217;inci g\u00fcn boyunca Gazze \u015eeridi&#8217;ne y\u00f6nelik aral\u0131ks\u0131z top\u00e7u ve f\u00fcze bombard\u0131man\u0131 sonucu bu sabah onlarca Filistinli \u015fehit oldu ve yaraland\u0131. Wafa Ajans\u0131, &#8221;Gazze&#8217;nin g\u00fcneydo\u011fusundaki El Zaytun mahallesindeki bir eve i\u015fgalci bombas\u0131 ile \u015fehrin g\u00fcneyindeki El Sabra mahallesindeki \u015fiddetli bombalama sonucu bir \u00e7ocuk \u015fehit d\u00fc\u015ft\u00fc, d\u00f6rt ki\u015fi de yaraland\u0131. &hellip;<\/p>\n","protected":false},"author":41,"featured_media":306027,"comment_status":"closed","ping_status":"closed","sticky":false,"template":"","format":"standard","meta":{"footnotes":""},"categories":[458,459,17988],"tags":[42063,42062,42061],"class_list":["post-306012","post","type-post","status-publish","format-standard","has-post-thumbnail","","category-dunya1","category-haberler-arap-uluslararasi-politika","category-son-haberler","tag-isgal-bombardimaninda-onlarca-sehit-ve-yarali","tag-saldirganligin-301inci-gunu","tag-saldirganligin-301inci-gununde-gazze-seridinde-araliksiz-devam-eden-isgal-bombardimaninda-onlarca-sehit-ve-yarali"],"_links":{"self":[{"href":"https:\/\/archive.sana.sy\/tr\/index.php?rest_route=\/wp\/v2\/posts\/306012","targetHints":{"allow":["GET"]}}],"collection":[{"href":"https:\/\/archive.sana.sy\/tr\/index.php?rest_route=\/wp\/v2\/posts"}],"about":[{"href":"https:\/\/archive.sana.sy\/tr\/index.php?rest_route=\/wp\/v2\/types\/post"}],"author":[{"embeddable":true,"href":"https:\/\/archive.sana.sy\/tr\/index.php?rest_route=\/wp\/v2\/users\/41"}],"replies":[{"embeddable":true,"href":"https:\/\/archive.sana.sy\/tr\/index.php?rest_route=%2Fwp%2Fv2%2Fcomments&post=306012"}],"version-history":[{"count":1,"href":"https:\/\/archive.sana.sy\/tr\/index.php?rest_route=\/wp\/v2\/posts\/306012\/revisions"}],"predecessor-version":[{"id":306028,"href":"https:\/\/archive.sana.sy\/tr\/index.php?rest_route=\/wp\/v2\/posts\/306012\/revisions\/306028"}],"wp:featuredmedia":[{"embeddable":true,"href":"https:\/\/archive.sana.sy\/tr\/index.php?rest_route=\/wp\/v2\/media\/306027"}],"wp:attachment":[{"href":"https:\/\/archive.sana.sy\/tr\/index.php?rest_route=%2Fwp%2Fv2%2Fmedia&parent=306012"}],"wp:term":[{"taxonomy":"category","embeddable":true,"href":"https:\/\/archive.sana.sy\/tr\/index.php?rest_route=%2Fwp%2Fv2%2Fcategories&post=306012"},{"taxonomy":"post_tag","embeddable":true,"href":"https:\/\/archive.sana.sy\/tr\/index.php?rest_route=%2Fwp%2Fv2%2Ftags&post=306012"}],"curies":[{"name":"wp","href":"https:\/\/api.w.org\/{rel}","templated":true}]}}