{"id":306014,"date":"2024-08-02T13:00:07","date_gmt":"2024-08-02T10:00:07","guid":{"rendered":"https:\/\/sana.sy\/tr\/?p=306014"},"modified":"2024-08-05T11:34:30","modified_gmt":"2024-08-05T08:34:30","slug":"lubnan-direnisi-isgal-altindaki-filistindeki-metzova-yerlesimindeki-israil-dusmanini-hedef-aldi","status":"publish","type":"post","link":"https:\/\/archive.sana.sy\/tr\/?p=306014","title":{"rendered":"L\u00fcbnan Direni\u015fi \u0130\u015fgal Edilen Filistin\u2019deki Metzova Yerle\u015fimindeki D\u00fc\u015fman \u0130srail&#8217;i Hedef Ald\u0131"},"content":{"rendered":"<p style=\"text-align: justify;\"><strong>BEYRUT <\/strong><strong>(SANA) &#8211;<\/strong> L\u00fcbnan Ulusal Direni\u015fi, L\u00fcbnan-Filistin s\u0131n\u0131r\u0131ndaki \u0130srail d\u00fc\u015fman mevzilerinin hedef al\u0131nd\u0131\u011f\u0131n\u0131 duyurdu.<\/p>\n<p style=\"text-align: justify;\">Direni\u015f taraf\u0131ndan yap\u0131lan a\u00e7\u0131klamada, &#8221;L\u00fcbnan direni\u015fi, Gazze \u015eeridi&#8217;ndeki kararl\u0131 Filistin halk\u0131na destek vermek ve onlar\u0131n cesur ve onurlu direni\u015fini desteklemek amac\u0131yla, \u0130srail d\u00fc\u015fman ordusunun Metsova yerle\u015fimindeki mevzilerine ve mevzilerine kar\u015f\u0131 onlarca Katyu\u015fa roketiyle bir dizi operasyon ger\u00e7ekle\u015ftirdi. Bu, d\u00fc\u015fman\u0131n \u015eama kasabas\u0131na sald\u0131rganl\u0131\u011f\u0131na ve burada \u00e7ok say\u0131da sivilin \u015fehit olmas\u0131na bir tepkidir&#8221; dedi.<\/p>\n<p style=\"text-align: justify;\">Direni\u015f ayr\u0131ca, ba\u015fka bir a\u00e7\u0131klamas\u0131nda, hava savunma birli\u011finin g\u00fcney b\u00f6lgedeki L\u00fcbnan hava sahas\u0131ndaki d\u00fc\u015fman sava\u015f u\u00e7aklar\u0131na u\u00e7aksavar f\u00fczeleri ate\u015fledi\u011fini ve onlar\u0131 geri \u00e7ekilmeye ve s\u0131n\u0131r\u0131n arkas\u0131na \u00e7ekilmeye zorlad\u0131\u011f\u0131n\u0131 duyurdu.<\/p>\n<p style=\"text-align: center;\"><strong><a href=\"https:\/\/t.me\/SuriyeArapHaberAjansI\">Telegram Kanal\u0131m\u0131z\u00a0<\/a>||<a href=\"https:\/\/twitter.com\/arap_ajans\">X Platformumuz\u00a0<\/a>||<a href=\"https:\/\/www.facebook.com\/SANAHaberAjansi\/\">Facebook Sayfam\u0131z<\/a><\/strong><\/p>\n","protected":false},"excerpt":{"rendered":"<p>BEYRUT (SANA) &#8211; L\u00fcbnan Ulusal Direni\u015fi, L\u00fcbnan-Filistin s\u0131n\u0131r\u0131ndaki \u0130srail d\u00fc\u015fman mevzilerinin hedef al\u0131nd\u0131\u011f\u0131n\u0131 duyurdu. Direni\u015f taraf\u0131ndan yap\u0131lan a\u00e7\u0131klamada, &#8221;L\u00fcbnan direni\u015fi, Gazze \u015eeridi&#8217;ndeki kararl\u0131 Filistin halk\u0131na destek vermek ve onlar\u0131n cesur ve onurlu direni\u015fini desteklemek amac\u0131yla, \u0130srail d\u00fc\u015fman ordusunun Metsova yerle\u015fimindeki mevzilerine ve mevzilerine kar\u015f\u0131 onlarca Katyu\u015fa roketiyle bir dizi operasyon ger\u00e7ekle\u015ftirdi. Bu, d\u00fc\u015fman\u0131n \u015eama kasabas\u0131na &hellip;<\/p>\n","protected":false},"author":41,"featured_media":306018,"comment_status":"closed","ping_status":"closed","sticky":false,"template":"","format":"standard","meta":{"footnotes":""},"categories":[458,459,17988],"tags":[42054,42053,41976,42052],"class_list":["post-306014","post","type-post","status-publish","format-standard","has-post-thumbnail","","category-dunya1","category-haberler-arap-uluslararasi-politika","category-son-haberler","tag-direnis-tarafindan-yapilan-aciklama","tag-israil-dusman-mevzileri","tag-katyusa-roketi","tag-lubnan-filistin-siniri"],"_links":{"self":[{"href":"https:\/\/archive.sana.sy\/tr\/index.php?rest_route=\/wp\/v2\/posts\/306014","targetHints":{"allow":["GET"]}}],"collection":[{"href":"https:\/\/archive.sana.sy\/tr\/index.php?rest_route=\/wp\/v2\/posts"}],"about":[{"href":"https:\/\/archive.sana.sy\/tr\/index.php?rest_route=\/wp\/v2\/types\/post"}],"author":[{"embeddable":true,"href":"https:\/\/archive.sana.sy\/tr\/index.php?rest_route=\/wp\/v2\/users\/41"}],"replies":[{"embeddable":true,"href":"https:\/\/archive.sana.sy\/tr\/index.php?rest_route=%2Fwp%2Fv2%2Fcomments&post=306014"}],"version-history":[{"count":3,"href":"https:\/\/archive.sana.sy\/tr\/index.php?rest_route=\/wp\/v2\/posts\/306014\/revisions"}],"predecessor-version":[{"id":306030,"href":"https:\/\/archive.sana.sy\/tr\/index.php?rest_route=\/wp\/v2\/posts\/306014\/revisions\/306030"}],"wp:featuredmedia":[{"embeddable":true,"href":"https:\/\/archive.sana.sy\/tr\/index.php?rest_route=\/wp\/v2\/media\/306018"}],"wp:attachment":[{"href":"https:\/\/archive.sana.sy\/tr\/index.php?rest_route=%2Fwp%2Fv2%2Fmedia&parent=306014"}],"wp:term":[{"taxonomy":"category","embeddable":true,"href":"https:\/\/archive.sana.sy\/tr\/index.php?rest_route=%2Fwp%2Fv2%2Fcategories&post=306014"},{"taxonomy":"post_tag","embeddable":true,"href":"https:\/\/archive.sana.sy\/tr\/index.php?rest_route=%2Fwp%2Fv2%2Ftags&post=306014"}],"curies":[{"name":"wp","href":"https:\/\/api.w.org\/{rel}","templated":true}]}}