{"id":306024,"date":"2024-08-02T18:29:15","date_gmt":"2024-08-02T15:29:15","guid":{"rendered":"https:\/\/sana.sy\/tr\/?p=306024"},"modified":"2024-08-05T11:34:42","modified_gmt":"2024-08-05T08:34:42","slug":"lubnan-direnisi-fuze-silahlari-ve-toplarla-israilin-uc-dusman-bolgesini-hedef-aldi","status":"publish","type":"post","link":"https:\/\/archive.sana.sy\/tr\/?p=306024","title":{"rendered":"L\u00fcbnan Direni\u015fi F\u00fcze Silahlar\u0131 Ve Toplarla \u0130srail&#8217;in \u00dc\u00e7 D\u00fc\u015fman B\u00f6lgesini Hedef Ald\u0131"},"content":{"rendered":"<p style=\"text-align: justify;\"><strong>BEYRUT <\/strong><strong>(SANA)<\/strong> &#8211; Bu \u00f6\u011fleden sonra L\u00fcbnan direni\u015fi, i\u015fgal alt\u0131ndaki L\u00fcbnan&#8217;\u0131n Kefir \u015euba tepelerinde ve i\u015fgal alt\u0131ndaki Filistin s\u0131n\u0131r\u0131nda bulunan \u00fc\u00e7 \u0130srail d\u00fc\u015fman b\u00f6lgesini hedef alarak do\u011frudan isabetlere neden oldu.<\/p>\n<p style=\"text-align: justify;\">Direni\u015f ayr\u0131 a\u00e7\u0131klamalarda \u015funlar\u0131 s\u00f6yledi: Gazze \u015eeridi&#8217;ndeki kararl\u0131 Filistin halk\u0131m\u0131za ve onlar\u0131n yi\u011fit ve onurlu direni\u015fine destek olarak, sava\u015f\u00e7\u0131lar\u0131m\u0131z, i\u015fgal alt\u0131ndaki Kefir \u015euba tepelerinde \u0130srail d\u00fc\u015fman\u0131n\u0131n El Sammaka mevzisini f\u00fcze silahlar\u0131yla hedef alarak do\u011frudan vurdu.&#8221;<\/p>\n<p style=\"text-align: justify;\">Direni\u015f sava\u015f\u00e7\u0131lar\u0131 ayr\u0131ca, Rl Merc ve Bayad Blida mevkilerinde \u0130srail i\u015fgal askerlerini roket silahlar\u0131 ve top mermileriyle hedef alarak do\u011frudan isabetlere neden oldu.<\/p>\n<p style=\"text-align: center;\"><strong><a href=\"https:\/\/t.me\/SuriyeArapHaberAjansI\">Telegram Kanal\u0131m\u0131z\u00a0<\/a>||<a href=\"https:\/\/twitter.com\/arap_ajans\">X Platformumuz\u00a0<\/a>||<a href=\"https:\/\/www.facebook.com\/SANAHaberAjansi\/\">Facebook Sayfam\u0131z<\/a><\/strong><\/p>\n","protected":false},"excerpt":{"rendered":"<p>BEYRUT (SANA) &#8211; Bu \u00f6\u011fleden sonra L\u00fcbnan direni\u015fi, i\u015fgal alt\u0131ndaki L\u00fcbnan&#8217;\u0131n Kefir \u015euba tepelerinde ve i\u015fgal alt\u0131ndaki Filistin s\u0131n\u0131r\u0131nda bulunan \u00fc\u00e7 \u0130srail d\u00fc\u015fman b\u00f6lgesini hedef alarak do\u011frudan isabetlere neden oldu. Direni\u015f ayr\u0131 a\u00e7\u0131klamalarda \u015funlar\u0131 s\u00f6yledi: Gazze \u015eeridi&#8217;ndeki kararl\u0131 Filistin halk\u0131m\u0131za ve onlar\u0131n yi\u011fit ve onurlu direni\u015fine destek olarak, sava\u015f\u00e7\u0131lar\u0131m\u0131z, i\u015fgal alt\u0131ndaki Kefir \u015euba tepelerinde \u0130srail &hellip;<\/p>\n","protected":false},"author":41,"featured_media":306025,"comment_status":"closed","ping_status":"closed","sticky":false,"template":"","format":"standard","meta":{"footnotes":""},"categories":[458,459,17988],"tags":[42060,42058,42059],"class_list":["post-306024","post","type-post","status-publish","format-standard","has-post-thumbnail","","category-dunya1","category-haberler-arap-uluslararasi-politika","category-son-haberler","tag-kefir-suba-tepeleri","tag-lubnan-direnisi-fuze-silahlari-ve-toplarla-israilin-uc-dusman-bolgesini-hedef-aldi","tag-lubnan-direnisinin-fuze-silahlari"],"_links":{"self":[{"href":"https:\/\/archive.sana.sy\/tr\/index.php?rest_route=\/wp\/v2\/posts\/306024","targetHints":{"allow":["GET"]}}],"collection":[{"href":"https:\/\/archive.sana.sy\/tr\/index.php?rest_route=\/wp\/v2\/posts"}],"about":[{"href":"https:\/\/archive.sana.sy\/tr\/index.php?rest_route=\/wp\/v2\/types\/post"}],"author":[{"embeddable":true,"href":"https:\/\/archive.sana.sy\/tr\/index.php?rest_route=\/wp\/v2\/users\/41"}],"replies":[{"embeddable":true,"href":"https:\/\/archive.sana.sy\/tr\/index.php?rest_route=%2Fwp%2Fv2%2Fcomments&post=306024"}],"version-history":[{"count":1,"href":"https:\/\/archive.sana.sy\/tr\/index.php?rest_route=\/wp\/v2\/posts\/306024\/revisions"}],"predecessor-version":[{"id":306026,"href":"https:\/\/archive.sana.sy\/tr\/index.php?rest_route=\/wp\/v2\/posts\/306024\/revisions\/306026"}],"wp:featuredmedia":[{"embeddable":true,"href":"https:\/\/archive.sana.sy\/tr\/index.php?rest_route=\/wp\/v2\/media\/306025"}],"wp:attachment":[{"href":"https:\/\/archive.sana.sy\/tr\/index.php?rest_route=%2Fwp%2Fv2%2Fmedia&parent=306024"}],"wp:term":[{"taxonomy":"category","embeddable":true,"href":"https:\/\/archive.sana.sy\/tr\/index.php?rest_route=%2Fwp%2Fv2%2Fcategories&post=306024"},{"taxonomy":"post_tag","embeddable":true,"href":"https:\/\/archive.sana.sy\/tr\/index.php?rest_route=%2Fwp%2Fv2%2Ftags&post=306024"}],"curies":[{"name":"wp","href":"https:\/\/api.w.org\/{rel}","templated":true}]}}