{"id":306031,"date":"2024-08-02T19:08:46","date_gmt":"2024-08-02T16:08:46","guid":{"rendered":"https:\/\/sana.sy\/tr\/?p=306031"},"modified":"2024-08-05T11:34:47","modified_gmt":"2024-08-05T08:34:47","slug":"beyruttaki-suriye-buyukelciligi-lubnanlilarin-suriye-topraklarina-girisine-harclar-uygulandigini-yalanladi","status":"publish","type":"post","link":"https:\/\/archive.sana.sy\/tr\/?p=306031","title":{"rendered":"Beyrut&#8217;taki Suriye B\u00fcy\u00fckel\u00e7ili\u011fi, L\u00fcbnanl\u0131lar\u0131n Suriye Topraklar\u0131na Giri\u015fine Har\u00e7lar Uyguland\u0131\u011f\u0131n\u0131 Yalanlad\u0131"},"content":{"rendered":"<p style=\"text-align: justify;\"><strong>Beyrut (SANA)<\/strong> <strong>&#8211;<\/strong> Beyrut&#8217;taki Suriye B\u00fcy\u00fckel\u00e7ili\u011fi, baz\u0131 medya siteleri ve sosyal medya sayfalar\u0131nda, Suriye resmi makamlar\u0131n\u0131n L\u00fcbnan vatanda\u015flar\u0131n\u0131n Suriye Arap Cumhuriyeti topraklar\u0131na giri\u015fine har\u00e7lar uygulad\u0131\u011f\u0131na dair dola\u015fan iddialar\u0131 yalanlad\u0131.<\/p>\n<p style=\"text-align: justify;\">B\u00fcy\u00fckel\u00e7ili\u011fin Facebook sayfas\u0131nda \u015fu ifadelere yer verildi: Bu haber kesinlikle yanl\u0131\u015ft\u0131r ve L\u00fcbnan vatanda\u015flar\u0131n\u0131n Suriye&#8217;ye giri\u015f prosed\u00fcrlerinde herhangi bir de\u011fi\u015fiklik yap\u0131lmam\u0131\u015ft\u0131r.<\/p>\n<p style=\"text-align: justify;\">B\u00fcy\u00fckel\u00e7ilik, bu konuyla ilgili veya ba\u015fka herhangi bir karar\u0131n, Beyrut&#8217;taki Suriye b\u00fcy\u00fckel\u00e7ili\u011finin resmi sayfas\u0131 da dahil olmak \u00fczere yaln\u0131zca resmi yollarla yay\u0131nlanaca\u011f\u0131n\u0131 belirtti.<\/p>\n<p style=\"text-align: center;\"><strong><a href=\"https:\/\/t.me\/SuriyeArapHaberAjansI\">Telegram Kanal\u0131m\u0131z\u00a0<\/a>||<a href=\"https:\/\/twitter.com\/arap_ajans\">X Platformumuz\u00a0<\/a>||<a href=\"https:\/\/www.facebook.com\/SANAHaberAjansi\/\">Facebook Sayfam\u0131z<\/a><\/strong><\/p>\n","protected":false},"excerpt":{"rendered":"<p>Beyrut (SANA) &#8211; Beyrut&#8217;taki Suriye B\u00fcy\u00fckel\u00e7ili\u011fi, baz\u0131 medya siteleri ve sosyal medya sayfalar\u0131nda, Suriye resmi makamlar\u0131n\u0131n L\u00fcbnan vatanda\u015flar\u0131n\u0131n Suriye Arap Cumhuriyeti topraklar\u0131na giri\u015fine har\u00e7lar uygulad\u0131\u011f\u0131na dair dola\u015fan iddialar\u0131 yalanlad\u0131. B\u00fcy\u00fckel\u00e7ili\u011fin Facebook sayfas\u0131nda \u015fu ifadelere yer verildi: Bu haber kesinlikle yanl\u0131\u015ft\u0131r ve L\u00fcbnan vatanda\u015flar\u0131n\u0131n Suriye&#8217;ye giri\u015f prosed\u00fcrlerinde herhangi bir de\u011fi\u015fiklik yap\u0131lmam\u0131\u015ft\u0131r. B\u00fcy\u00fckel\u00e7ilik, bu konuyla ilgili veya &hellip;<\/p>\n","protected":false},"author":41,"featured_media":306032,"comment_status":"closed","ping_status":"closed","sticky":false,"template":"","format":"standard","meta":{"footnotes":""},"categories":[458,459,17988],"tags":[42064,42066,42065,42067],"class_list":["post-306031","post","type-post","status-publish","format-standard","has-post-thumbnail","","category-dunya1","category-haberler-arap-uluslararasi-politika","category-son-haberler","tag-beyruttaki-suriye-buyukelciligi","tag-lubnanlilarin-suriye-topraklarina-girisine-harclar","tag-lubnanlilarin-suriye-topraklarina-girisine-harclar-uygulandigini-yalanladi","tag-suriye-topraklarina-girisine-harclar"],"_links":{"self":[{"href":"https:\/\/archive.sana.sy\/tr\/index.php?rest_route=\/wp\/v2\/posts\/306031","targetHints":{"allow":["GET"]}}],"collection":[{"href":"https:\/\/archive.sana.sy\/tr\/index.php?rest_route=\/wp\/v2\/posts"}],"about":[{"href":"https:\/\/archive.sana.sy\/tr\/index.php?rest_route=\/wp\/v2\/types\/post"}],"author":[{"embeddable":true,"href":"https:\/\/archive.sana.sy\/tr\/index.php?rest_route=\/wp\/v2\/users\/41"}],"replies":[{"embeddable":true,"href":"https:\/\/archive.sana.sy\/tr\/index.php?rest_route=%2Fwp%2Fv2%2Fcomments&post=306031"}],"version-history":[{"count":1,"href":"https:\/\/archive.sana.sy\/tr\/index.php?rest_route=\/wp\/v2\/posts\/306031\/revisions"}],"predecessor-version":[{"id":306033,"href":"https:\/\/archive.sana.sy\/tr\/index.php?rest_route=\/wp\/v2\/posts\/306031\/revisions\/306033"}],"wp:featuredmedia":[{"embeddable":true,"href":"https:\/\/archive.sana.sy\/tr\/index.php?rest_route=\/wp\/v2\/media\/306032"}],"wp:attachment":[{"href":"https:\/\/archive.sana.sy\/tr\/index.php?rest_route=%2Fwp%2Fv2%2Fmedia&parent=306031"}],"wp:term":[{"taxonomy":"category","embeddable":true,"href":"https:\/\/archive.sana.sy\/tr\/index.php?rest_route=%2Fwp%2Fv2%2Fcategories&post=306031"},{"taxonomy":"post_tag","embeddable":true,"href":"https:\/\/archive.sana.sy\/tr\/index.php?rest_route=%2Fwp%2Fv2%2Ftags&post=306031"}],"curies":[{"name":"wp","href":"https:\/\/api.w.org\/{rel}","templated":true}]}}