{"id":306042,"date":"2024-08-03T14:37:29","date_gmt":"2024-08-03T11:37:29","guid":{"rendered":"https:\/\/sana.sy\/tr\/?p=306042"},"modified":"2024-08-05T11:30:43","modified_gmt":"2024-08-05T08:30:43","slug":"berlin-grup-21-ksyonun-suriyede-kimyasal-silah-kullanildigi-iddialarina-iliskin-sorusturmalari-pek-cok-delili-ve-gercegi-gizledi","status":"publish","type":"post","link":"https:\/\/archive.sana.sy\/tr\/?p=306042","title":{"rendered":"Berlin Grup 21: KSY\u00d6&#8217;n\u00fcn Suriye&#8217;deki hatalar\u0131n\u0131 D\u00fczeltmekten Ka\u00e7\u0131nmas\u0131, \u00f6rg\u00fct\u00fcn Siyasalla\u015fmas\u0131n\u0131n Ve G\u00fcvenilirlik Eksikli\u011finin Boyutunu Do\u011fruluyor"},"content":{"rendered":"<p style=\"text-align: justify;\"><strong>BERL\u0130N (SANA) &#8211;<\/strong> Alman Berlin 21 grubu, Kimyasal Silahlar\u0131n Yasaklanmas\u0131 \u00d6rg\u00fct\u00fc&#8217;n\u00fcn Nisan 2018&#8217;de Suriye&#8217;de, \u00f6zellikle de Duma&#8217;da kimyasal silah kullan\u0131ld\u0131\u011f\u0131 iddialar\u0131na ili\u015fkin y\u00fcr\u00fctt\u00fc\u011f\u00fc soru\u015fturmalar\u0131n, ger\u00e7ekleri manip\u00fcle etmenin yan\u0131 s\u0131ra bir\u00e7ok delili gizledi\u011fini do\u011frulad\u0131.<\/p>\n<p style=\"text-align: justify;\">Grup, Suriye Daimi Misyonu&#8217;na ve Kimyasal Silahlar\u0131n Yasaklanmas\u0131 \u00d6rg\u00fct\u00fc&#8217;ndeki uluslararas\u0131 misyon temsilcilerine hitaben yaz\u0131lan ve bir n\u00fcshas\u0131 SANA&#8217;ya g\u00f6nderilen mektupta \u015funlar\u0131 s\u00f6yledi: &#8220;\u00d6rg\u00fct\u00fcn Genel Direkt\u00f6r\u00fc, Berlin Grubunun incelemesini &#8216;not ald\u0131&#8217; ancak \u015fu ana kadar bu incelemenin g\u00fcndeme getirdi\u011fi \u00f6nemli konulara herhangi bir \u00f6nemli yan\u0131t veremedi.&#8221;<\/p>\n<p style=\"text-align: justify;\">Mektupta ayr\u0131ca \u015fu ifadelere yer verildi: \u2018\u2019\u00d6rg\u00fct\u00fcn Suriye&#8217;deki inceleme misyonlar\u0131nda yapt\u0131\u011f\u0131 soru\u015fturmalarda anla\u015fma h\u00fck\u00fcmlerinin ihlallerine odaklan\u0131l\u0131yor. Raporda \u00f6rg\u00fct\u00fcn g\u00fcvenilirli\u011finin yeniden sa\u011flanmas\u0131na y\u00f6nelik \u00f6neriler sunuluyor. Bu da, Kimyasal Silahlar S\u00f6zle\u015fmesi \u00e7er\u00e7evesinde \u00e7al\u0131\u015fmaya tam olarak geri d\u00f6nmesinin sa\u011flanmas\u0131 ve \u00f6rg\u00fct\u00fcn \u00fcst y\u00f6netiminden eski KSY\u00d6 uzmanlar\u0131n\u0131n g\u00fcndeme getirdi\u011fi sorunlar\u0131 ele almas\u0131n\u0131n istenmesi yoluyla ger\u00e7ekle\u015ftiriliyor.\u2019\u2019<\/p>\n<p style=\"text-align: justify;\">Mektupta, Avrupa Parlamenterleri&#8217;nin raporunda a\u015fa\u011f\u0131daki noktalarla belirtilenlere ek olarak, s\u00f6z konusu olayla ilgili daha \u00f6nceki incelemesinde bahsedilen usule ili\u015fkin ve esasla ilgili konular da vurgulanm\u0131\u015ft\u0131r:<\/p>\n<p style=\"text-align: justify;\">(1) Haziran 2018&#8217;de orijinal bilgi toplama heyeti raporu son dakikada gizlice de\u011fi\u015ftirildi ve ana bulgular\u0131 gizlendi.<\/p>\n<p style=\"text-align: justify;\">Bu da, hi\u00e7bir bilimsel kan\u0131t olmaks\u0131z\u0131n yan\u0131lt\u0131c\u0131 bir \u015fekilde klor gaz\u0131 sal\u0131n\u0131m\u0131na at\u0131fta bulunurken ortaya \u00e7\u0131kt\u0131.<\/p>\n<p style=\"text-align: justify;\">Bu olay, \u00f6rg\u00fct i\u00e7indeki bir veya daha fazla yetkilinin bilimsel olarak yan\u0131lt\u0131c\u0131 bir rapor yay\u0131nlamak i\u00e7in komplo kurdu\u011funu do\u011fruluyor.<\/p>\n<p style=\"text-align: justify;\">(2) NATO kimyasal sava\u015f uzmanlar\u0131n\u0131n haz\u0131rlad\u0131\u011f\u0131 orijinal toksikoloji raporu, 43 sivil kayb\u0131n\u0131n klor gaz\u0131 nedeniyle \u00f6lmedi\u011fini do\u011frulad\u0131.<\/p>\n<p style=\"text-align: justify;\">Bu bulgu daha sonra g\u00f6zden ka\u00e7\u0131r\u0131ld\u0131.<\/p>\n<p style=\"text-align: justify;\">2023 y\u0131l\u0131 Soru\u015fturma ve Tespit Ekibi raporunda ise aksini \u00f6ne s\u00fcrmek amac\u0131yla yan\u0131lt\u0131c\u0131 iddialarda bulunuldu.<\/p>\n<p style=\"text-align: justify;\">(3) \u00d6rg\u00fct\u00fcn raporlar\u0131nda, uygunsuz tan\u0131k ifadelerinin g\u00f6z ard\u0131 edilmesi, kimyasal analizlerin abart\u0131lmas\u0131 ve \u00f6nemli bilimsel \u00e7al\u0131\u015fmalar\u0131n \u00f6rtbas edilmesi gibi a\u00e7\u0131k bir \u00e7arp\u0131tma modeli benimseniyordu.<\/p>\n<p style=\"text-align: justify;\">\u00d6rg\u00fct\u00fcn Duma olay\u0131na ili\u015fkin raporlar\u0131ndaki bu bilimsel kusurlar, iddia edilen kimyasal silah sald\u0131r\u0131s\u0131n\u0131n makul nedenleri oldu\u011fu y\u00f6n\u00fcndeki temel iddian\u0131n yanl\u0131\u015f oldu\u011fu anlam\u0131na geliyor.<\/p>\n<p style=\"text-align: justify;\">\u00a0Bilgi toplama misyonlar\u0131n\u0131n Kimyasal Silahlar S\u00f6zle\u015fmesi \u00e7er\u00e7evesi d\u0131\u015f\u0131nda y\u00fcr\u00fct\u00fcld\u00fc\u011f\u00fc a\u00e7\u0131kt\u0131r.<\/p>\n<p style=\"text-align: justify;\">(4) Bilgi toplama misyonlar\u0131, s\u00fcre\u00e7leri ve prosed\u00fcrleri herhangi bir h\u00fck\u00fcmetleraras\u0131 anla\u015fmada kararla\u015ft\u0131r\u0131lmayan ge\u00e7ici bir mekanizmad\u0131r ve bu s\u00fcre\u00e7 ve prosed\u00fcrler \u015feffafl\u0131k ve hesap verebilirlikten yoksundur.<\/p>\n<p style=\"text-align: justify;\">Soru\u015fturma misyonlar\u0131, \u00d6rg\u00fct Genel Direkt\u00f6rl\u00fc\u011f\u00fc&#8217;n\u00fcn kontrol\u00fc alt\u0131nda oldu\u011fundan, ba\u015fka herhangi bir organ taraf\u0131ndan etkin bir bilimsel inceleme s\u00fcrecine tabi de\u011fildir.<\/p>\n<p style=\"text-align: justify;\">Organizasyondaki di\u011fer teknik departmanlar hari\u00e7 tutulmu\u015ftur ve bu d\u00fczenleme sa\u011flam bilimsel uygulamalarla tutars\u0131zd\u0131r ve bilgi toplama mekanizmalar\u0131 \u00fczerinde a\u015f\u0131r\u0131 siyasi n\u00fcfuz i\u00e7in bir f\u0131rsat yaratmaktad\u0131r.<\/p>\n<p style=\"text-align: justify;\">Grup ayr\u0131ca, \u00f6rg\u00fct\u00fcn \u00fcst y\u00f6netiminin \u00e7al\u0131\u015fmalar\u0131ndaki bu ihlal ve yolsuzluklarla m\u00fccadelede \u00f6rg\u00fcte destek sa\u011flanmas\u0131 ve y\u0131llar \u00f6nce g\u00fcndeme getirilen sorulara \u00f6rg\u00fct\u00fcn Genel Direkt\u00f6r\u00fcnden yan\u0131t al\u0131nmas\u0131 i\u00e7in \u00f6rg\u00fctteki daimi misyonlara \u00e7a\u011fr\u0131da bulundu.<\/p>\n<p style=\"text-align: center;\"><strong><a href=\"https:\/\/t.me\/SuriyeArapHaberAjansI\">Telegram Kanal\u0131m\u0131z\u00a0<\/a>||<a href=\"https:\/\/twitter.com\/arap_ajans\">X Platformumuz\u00a0<\/a>||<a href=\"https:\/\/www.facebook.com\/SANAHaberAjansi\/\">Facebook Sayfam\u0131z<\/a><\/strong><\/p>\n","protected":false},"excerpt":{"rendered":"<p>BERL\u0130N (SANA) &#8211; Alman Berlin 21 grubu, Kimyasal Silahlar\u0131n Yasaklanmas\u0131 \u00d6rg\u00fct\u00fc&#8217;n\u00fcn Nisan 2018&#8217;de Suriye&#8217;de, \u00f6zellikle de Duma&#8217;da kimyasal silah kullan\u0131ld\u0131\u011f\u0131 iddialar\u0131na ili\u015fkin y\u00fcr\u00fctt\u00fc\u011f\u00fc soru\u015fturmalar\u0131n, ger\u00e7ekleri manip\u00fcle etmenin yan\u0131 s\u0131ra bir\u00e7ok delili gizledi\u011fini do\u011frulad\u0131. Grup, Suriye Daimi Misyonu&#8217;na ve Kimyasal Silahlar\u0131n Yasaklanmas\u0131 \u00d6rg\u00fct\u00fc&#8217;ndeki uluslararas\u0131 misyon temsilcilerine hitaben yaz\u0131lan ve bir n\u00fcshas\u0131 SANA&#8217;ya g\u00f6nderilen mektupta \u015funlar\u0131 s\u00f6yledi: &hellip;<\/p>\n","protected":false},"author":41,"featured_media":306043,"comment_status":"closed","ping_status":"closed","sticky":false,"template":"","format":"standard","meta":{"footnotes":""},"categories":[458,459,17988],"tags":[42068,42069],"class_list":["post-306042","post","type-post","status-publish","format-standard","has-post-thumbnail","","category-dunya1","category-haberler-arap-uluslararasi-politika","category-son-haberler","tag-berlin-grup-21-ksyonun-suriyede-kimyasal-silah-kullanildigi-iddialarina-iliskin-sorusturmalari-pek-cok-delili-ve-gercegi-gizledi","tag-suriyede-kimyasal-silahlar"],"_links":{"self":[{"href":"https:\/\/archive.sana.sy\/tr\/index.php?rest_route=\/wp\/v2\/posts\/306042","targetHints":{"allow":["GET"]}}],"collection":[{"href":"https:\/\/archive.sana.sy\/tr\/index.php?rest_route=\/wp\/v2\/posts"}],"about":[{"href":"https:\/\/archive.sana.sy\/tr\/index.php?rest_route=\/wp\/v2\/types\/post"}],"author":[{"embeddable":true,"href":"https:\/\/archive.sana.sy\/tr\/index.php?rest_route=\/wp\/v2\/users\/41"}],"replies":[{"embeddable":true,"href":"https:\/\/archive.sana.sy\/tr\/index.php?rest_route=%2Fwp%2Fv2%2Fcomments&post=306042"}],"version-history":[{"count":4,"href":"https:\/\/archive.sana.sy\/tr\/index.php?rest_route=\/wp\/v2\/posts\/306042\/revisions"}],"predecessor-version":[{"id":306050,"href":"https:\/\/archive.sana.sy\/tr\/index.php?rest_route=\/wp\/v2\/posts\/306042\/revisions\/306050"}],"wp:featuredmedia":[{"embeddable":true,"href":"https:\/\/archive.sana.sy\/tr\/index.php?rest_route=\/wp\/v2\/media\/306043"}],"wp:attachment":[{"href":"https:\/\/archive.sana.sy\/tr\/index.php?rest_route=%2Fwp%2Fv2%2Fmedia&parent=306042"}],"wp:term":[{"taxonomy":"category","embeddable":true,"href":"https:\/\/archive.sana.sy\/tr\/index.php?rest_route=%2Fwp%2Fv2%2Fcategories&post=306042"},{"taxonomy":"post_tag","embeddable":true,"href":"https:\/\/archive.sana.sy\/tr\/index.php?rest_route=%2Fwp%2Fv2%2Ftags&post=306042"}],"curies":[{"name":"wp","href":"https:\/\/api.w.org\/{rel}","templated":true}]}}