{"id":306047,"date":"2024-08-03T13:54:59","date_gmt":"2024-08-03T10:54:59","guid":{"rendered":"https:\/\/sana.sy\/tr\/?p=306047"},"modified":"2024-08-05T11:30:39","modified_gmt":"2024-08-05T08:30:39","slug":"gazzede-son-24-saatte-isgalcilerin-katliamlari-sonucu-31-sehit","status":"publish","type":"post","link":"https:\/\/archive.sana.sy\/tr\/?p=306047","title":{"rendered":"Gazze&#8217;de son 24 Saatte \u0130\u015fgalcilerin Katliamlar\u0131 Sonucu 31 \u015eehit"},"content":{"rendered":"<p style=\"text-align: justify;\"><strong>\u0130\u015eGAL ED\u0130LEN KUD\u00dcS (SANA)<\/strong> &#8211;\u00a0 Filistin Sa\u011fl\u0131k Bakanl\u0131\u011f\u0131, i\u015fgalci \u0130srail&#8217;in Gazze \u015eeridi&#8217;nde son 24 saat i\u00e7inde 3 katliam ger\u00e7ekle\u015ftirdi\u011fini, hastanelerde \u00f6lenlerin say\u0131s\u0131n\u0131n 31 \u015fehit, 62 yaral\u0131ya ula\u015ft\u0131\u011f\u0131n\u0131 duyurdu.<\/p>\n<p style=\"text-align: justify;\">Bakanl\u0131k bug\u00fcn yapt\u0131\u011f\u0131 a\u00e7\u0131klamada \u015funlar\u0131 s\u00f6yledi: \u2018\u2019Gazze \u015eeridi&#8217;nde 302&#8217;nci g\u00fcn\u00fcnde devam eden i\u015fgal sald\u0131r\u0131s\u0131n\u0131n kurbanlar\u0131n\u0131n say\u0131s\u0131 39 bin 550 \u015fehit ve 91 bin 280 yaral\u0131ya y\u00fckseldi. \u00c7ok say\u0131da ma\u011fdur halen enkaz alt\u0131nda ve yollardayken, ambulans ve sivil savunma ekipleri onlara ula\u015fam\u0131yor.\u2019\u2019<\/p>\n<p style=\"text-align: justify;\">Gazze \u015eeridi&#8217;nin g\u00fcneyindeki Refah \u015fehrinin Musabah b\u00f6lgesine y\u00f6nelik i\u015fgal bombard\u0131man\u0131 sonucu 5 Filistinli \u00f6ld\u00fc, \u00e7ok say\u0131da ki\u015fi de yaraland\u0131.<\/p>\n<p style=\"text-align: justify;\">\u0130srail i\u015fgalinin Gazze \u015eeridi&#8217;nin merkezindeki Bureij m\u00fclteci kamp\u0131ndaki bir evi bombalamas\u0131 sonucu 2 Filistinli de \u015fehit oldu, \u00e7ok say\u0131da ki\u015fi de yaraland\u0131.<\/p>\n<p style=\"text-align: center;\"><strong><a href=\"https:\/\/t.me\/SuriyeArapHaberAjansI\">Telegram Kanal\u0131m\u0131z\u00a0<\/a>||<a href=\"https:\/\/twitter.com\/arap_ajans\">X Platformumuz\u00a0<\/a>||<a href=\"https:\/\/www.facebook.com\/SANAHaberAjansi\/\">Facebook Sayfam\u0131z<\/a><\/strong><\/p>\n","protected":false},"excerpt":{"rendered":"<p>\u0130\u015eGAL ED\u0130LEN KUD\u00dcS (SANA) &#8211;\u00a0 Filistin Sa\u011fl\u0131k Bakanl\u0131\u011f\u0131, i\u015fgalci \u0130srail&#8217;in Gazze \u015eeridi&#8217;nde son 24 saat i\u00e7inde 3 katliam ger\u00e7ekle\u015ftirdi\u011fini, hastanelerde \u00f6lenlerin say\u0131s\u0131n\u0131n 31 \u015fehit, 62 yaral\u0131ya ula\u015ft\u0131\u011f\u0131n\u0131 duyurdu. Bakanl\u0131k bug\u00fcn yapt\u0131\u011f\u0131 a\u00e7\u0131klamada \u015funlar\u0131 s\u00f6yledi: \u2018\u2019Gazze \u015eeridi&#8217;nde 302&#8217;nci g\u00fcn\u00fcnde devam eden i\u015fgal sald\u0131r\u0131s\u0131n\u0131n kurbanlar\u0131n\u0131n say\u0131s\u0131 39 bin 550 \u015fehit ve 91 bin 280 yaral\u0131ya y\u00fckseldi. \u00c7ok &hellip;<\/p>\n","protected":false},"author":41,"featured_media":306048,"comment_status":"closed","ping_status":"closed","sticky":false,"template":"","format":"standard","meta":{"footnotes":""},"categories":[458,459,17988],"tags":[],"class_list":["post-306047","post","type-post","status-publish","format-standard","has-post-thumbnail","","category-dunya1","category-haberler-arap-uluslararasi-politika","category-son-haberler"],"_links":{"self":[{"href":"https:\/\/archive.sana.sy\/tr\/index.php?rest_route=\/wp\/v2\/posts\/306047","targetHints":{"allow":["GET"]}}],"collection":[{"href":"https:\/\/archive.sana.sy\/tr\/index.php?rest_route=\/wp\/v2\/posts"}],"about":[{"href":"https:\/\/archive.sana.sy\/tr\/index.php?rest_route=\/wp\/v2\/types\/post"}],"author":[{"embeddable":true,"href":"https:\/\/archive.sana.sy\/tr\/index.php?rest_route=\/wp\/v2\/users\/41"}],"replies":[{"embeddable":true,"href":"https:\/\/archive.sana.sy\/tr\/index.php?rest_route=%2Fwp%2Fv2%2Fcomments&post=306047"}],"version-history":[{"count":1,"href":"https:\/\/archive.sana.sy\/tr\/index.php?rest_route=\/wp\/v2\/posts\/306047\/revisions"}],"predecessor-version":[{"id":306049,"href":"https:\/\/archive.sana.sy\/tr\/index.php?rest_route=\/wp\/v2\/posts\/306047\/revisions\/306049"}],"wp:featuredmedia":[{"embeddable":true,"href":"https:\/\/archive.sana.sy\/tr\/index.php?rest_route=\/wp\/v2\/media\/306048"}],"wp:attachment":[{"href":"https:\/\/archive.sana.sy\/tr\/index.php?rest_route=%2Fwp%2Fv2%2Fmedia&parent=306047"}],"wp:term":[{"taxonomy":"category","embeddable":true,"href":"https:\/\/archive.sana.sy\/tr\/index.php?rest_route=%2Fwp%2Fv2%2Fcategories&post=306047"},{"taxonomy":"post_tag","embeddable":true,"href":"https:\/\/archive.sana.sy\/tr\/index.php?rest_route=%2Fwp%2Fv2%2Ftags&post=306047"}],"curies":[{"name":"wp","href":"https:\/\/api.w.org\/{rel}","templated":true}]}}